{"id":11145,"date":"2024-12-30T13:16:06","date_gmt":"2024-12-30T12:16:06","guid":{"rendered":"https:\/\/www.esonet.it\/?p=11145"},"modified":"2024-12-30T13:16:06","modified_gmt":"2024-12-30T12:16:06","slug":"dalla-ragione-fisica-alla-mente-astratta","status":"publish","type":"post","link":"https:\/\/www.esonet.it\/?p=11145","title":{"rendered":"Dalla ragione fisica alla mente astratta"},"content":{"rendered":"\n<div class=\"wp-block-group\"><div class=\"wp-block-group__inner-container is-layout-constrained wp-block-group-is-layout-constrained\"><div class=\"wp-block-image\">\n<figure class=\"alignright\"><a href=\"https:\/\/www.esonet.it\/?cat=73\"><img decoding=\"async\" src=\"data:image\/svg+xml,%3Csvg%20xmlns='http:\/\/www.w3.org\/2000\/svg'%20viewBox='0%200%20370%20247'%3E%3C\/svg%3E\" class=\"zeen-lazy-load-base zeen-lazy-load\" data-lazy-src=\"images\/topics\/PsicheMeF.jpg\" alt=\"Psicologia\" title=\"Psicologia\"\/><noscript><img decoding=\"async\" src=\"images\/topics\/PsicheMeF.jpg\" alt=\"Psicologia\" title=\"Psicologia\"\/><\/noscript><\/a><\/figure>\n<\/div>\n\n\n<p class=\"wp-block-paragraph\">Lo sviluppo della ragione viene raffigurato con una serie di rappresentazioni che, scolasticamente, vengono chiamate livelli mentali o piani di coscienza. I livelli attraverso cui si sviluppa il progresso della mente ragionevole sono definiti con termini convenzionali che possono apparire diversi a seconda del \u201clinguaggio\u201d culturale che viene preferito dallo studioso o dal ricercatore.\u00a0<\/p>\n<\/div><\/div>\n\n\n\n<div style=\"height:10px\" aria-hidden=\"true\" class=\"wp-block-spacer\"><\/div>\n\n\n\n<h3 class=\"wp-block-heading\" id=\"su\">Dalla ragione fisica alla mente astratta<\/h3>\n\n\n\n<p class=\"wp-block-paragraph\">di Athos A. Altomonte<\/p>\n\n\n\n<div style=\"height:30px\" aria-hidden=\"true\" class=\"wp-block-spacer\"><\/div>\n\n\n\n<p class=\"wp-block-paragraph\">Lo sviluppo della ragione viene raffigurato con una serie di rappresentazioni che, scolasticamente, vengono chiamate livelli mentali o piani di coscienza. I livelli attraverso cui si sviluppa il progresso della mente ragionevole sono definiti con termini convenzionali che possono apparire diversi a seconda del \u201clinguaggio\u201d culturale che viene preferito dallo studioso (attivit\u00e0 ricettiva) o dal ricercatore (attivit\u00e0 dinamica). Noi raffigureremo il progresso della ragione coi seguenti termini. Piano della coscienza materiale o mente inferiore, si differenzia nella&nbsp;<strong>ragione istintuale<\/strong>:&nbsp;<em>gli impulsi del<\/em>&nbsp;<em>desiderio<\/em>; la&nbsp;<strong>ragione emotiva<\/strong>:&nbsp;<em>le sensazioni<\/em>&nbsp;del&nbsp;<em>desiderio<\/em>; la&nbsp;<strong>ragione razionale o ragionevole<\/strong>:&nbsp;<em>la consapevolezza<\/em>&nbsp;del&nbsp;<em>desiderio<\/em>.&nbsp;<\/p>\n\n\n\n<p class=\"wp-block-paragraph\">La mente ragionevole \u00e8 il piano coscienziale dove ancora predominano le passioni e i desideri della natura animale. Ma se nell\u2019educazione la natura passionale va dissolta, al desiderio non deve essere data una colorazione d\u2019assoluta negativit\u00e0.\u00a0<em>Infatti il desiderio \u00e8 lo stimolo che muove ogni tipo di manifestazione, anche la pi\u00f9 grande ed universale qual \u00e8 il creato<\/em>; ed \u00e8 sempre il desiderio l\u2019impulso che spinge il progresso individuale e l\u2019evoluzione in tutti e cinque i Regni di Natura.\u00a0<\/p>\n\n\n\n<p class=\"wp-block-paragraph\">La ragione giunge alla consapevolezza di s\u00e9 e del suo rapporto con quanto la circonda attraverso la logica, e questa, \u00e8 un sistema di pensiero che tende a geometrizzare razionalizzando ogni elemento che le viene sottoposto. La geometrizzazione della ragione si definisce attraverso la capacit\u00e0 di&nbsp;<em>costruire<\/em>&nbsp;forme-pensiero&nbsp;<em>bidimensionali<\/em>&nbsp;sempre pi\u00f9 perfette in cui ognuna, ha in s\u00e9, almeno un punto di congiunzione con ogni altra forma logica e razionale. Questa per gli esoteristi \u00e8 l\u2019\u00abArte dei Costruttori\u00bb. L\u2019Arte di coloro che costruiscono idee, usando \u201cponti\u201d analogici e coscienziali con cui si integra ogni forma di manifestazione della sfera fisica del mondo. Quest\u2019Arte \u00e8 chiamata l\u2019Ars Regia. Ne consegue l\u2019Ars Pontificia. L\u2019Arte con la quale i Costruttori costruiscono idee, usando \u201cponti\u201d analogici e coscienziali con cui vengono integrati gli aspetti fisici e metafisici del microcosmo umano, in ogni forma questi si manifestino.<\/p>\n\n\n\n<p class=\"wp-block-paragraph\">Come vedremo pi\u00f9 da vicino, le capacit\u00e0 della ragione materiale hanno un confine e questo limite \u00e8 s\u00e9 stessa. Infatti la ragione si poggia sull\u2019archivio-memoria personale e sull\u2019apprendimento per imitazione, dei pi\u00f9 diversi stereotipi sociali e culturali, a loro volta anch\u2019essi \u201cimmaginati\u201d dalla ragione.&nbsp;<\/p>\n\n\n<div class=\"wp-block-image\">\n<figure class=\"alignright size-full is-resized\"><img decoding=\"async\" src=\"data:image\/svg+xml,%3Csvg%20xmlns='http:\/\/www.w3.org\/2000\/svg'%20viewBox='0%200%20370%20247'%3E%3C\/svg%3E\" data-lazy-src=\"https:\/\/www.esonet.it\/wp-content\/uploads\/2023\/08\/Ouroboros.jpg\" alt=\"\" class=\"zeen-lazy-load-base zeen-lazy-load wp-image-9041\" style=\"width:141px;height:auto\"\/><noscript><img decoding=\"async\" width=\"240\" height=\"255\" src=\"https:\/\/www.esonet.it\/wp-content\/uploads\/2023\/08\/Ouroboros.jpg\" alt=\"\" class=\"wp-image-9041\" style=\"width:141px;height:auto\"\/><\/noscript><\/figure>\n<\/div>\n\n\n<p class=\"wp-block-paragraph\" id=\"1\">La limitazione della ragione sta\u2019 nel fatto ch\u2019essa vive della propria costituzione, sviluppandosi con quanto essa stessa costruisce traendo i propri materiali (ragionamenti) dagli elementi dalla propria limitata sensibilit\u00e0. Questo\u00a0<em>sistema chiuso<\/em> (<a href=\"#n1\"><sup>1<\/sup><\/a>)\u00a0si muove avvolgendosi su s\u00e9 stesso e non pu\u00f2 essere superato dall\u2019uomo se non attraverso la propria coscienza. Superare i limiti della mente by-passandola, significa porsi al di fuori di essa. Ma questo non \u00e8 di certo un invito a sragionare. Indica l\u2019espansione di coscienza con cui l\u2019uomo supera gli attributi della propria mente inferiore, che costringono nei propri margini la sua identificazione interiore. L\u2019uomo rinascer\u00e0 una seconda volta quando \u201cbucher\u00e0\u201d la sfera della mente condizionata dalla forma animale che, come un looping infinito vive nutrendosi di s\u00e9. <\/p>\n\n\n<div class=\"wp-block-image\">\n<figure class=\"alignleft size-medium\"><img decoding=\"async\" src=\"data:image\/svg+xml,%3Csvg%20xmlns='http:\/\/www.w3.org\/2000\/svg'%20viewBox='0%200%20370%20247'%3E%3C\/svg%3E\" data-lazy-src=\"https:\/\/www.esonet.it\/wp-content\/uploads\/2024\/12\/tarot-X-la-ruota-della-fortuna-162x300.jpg\" alt=\"\" class=\"zeen-lazy-load-base zeen-lazy-load wp-image-11187\"\/><noscript><img decoding=\"async\" width=\"162\" height=\"300\" src=\"https:\/\/www.esonet.it\/wp-content\/uploads\/2024\/12\/tarot-X-la-ruota-della-fortuna-162x300.jpg\" alt=\"\" class=\"wp-image-11187\" srcset=\"https:\/\/www.esonet.it\/wp-content\/uploads\/2024\/12\/tarot-X-la-ruota-della-fortuna-162x300.jpg 162w, https:\/\/www.esonet.it\/wp-content\/uploads\/2024\/12\/tarot-X-la-ruota-della-fortuna-500x926.jpg 500w, https:\/\/www.esonet.it\/wp-content\/uploads\/2024\/12\/tarot-X-la-ruota-della-fortuna.jpg 553w, https:\/\/www.esonet.it\/wp-content\/uploads\/2024\/12\/tarot-X-la-ruota-della-fortuna-293x543.jpg 293w, https:\/\/www.esonet.it\/wp-content\/uploads\/2024\/12\/tarot-X-la-ruota-della-fortuna-390x722.jpg 390w\" sizes=\"(max-width: 162px) 100vw, 162px\" \/><\/noscript><\/figure>\n<\/div>\n\n\n<p class=\"wp-block-paragraph\">Il simbolo sferico di questo moto \u201cinfinito\u201d era rappresentato anticamente con una \u00abRuota\u00bb che, in tempi pi\u00f9 recenti, fu stilizzata in un serpente che si mangia la coda. La \u00abRuota\u00bb secondo molti \u201cfilosofi\u201d del medioevo era sinonimo di fortuna, attribuito all\u2019altalena del destino che\u00a0<em>trascina<\/em>\u00a0l\u2019uomo verso l\u2019alto per poi \u201cscaraventarlo\u201d di nuovo in basso. L\u2019esoterista che riconosce la legge di causa-effetto modifica il termine di fortuna e sfortuna in buona o cattiva condotta che, nella vita, porta a\u00a0<em>dover riscattare un debito<\/em>\u00a0o a\u00a0<em>poter riscuotere un credito<\/em>.<\/p>\n\n\n\n<p class=\"wp-block-paragraph\"><\/p>\n\n\n\n<p class=\"wp-block-paragraph\">L\u2019intellettualit\u00e0 della ragione \u00e8 l\u2019apprendimento e la memoria, al cui apice \u00e8 posta l\u2019erudizione. Questa \u00e8 l\u2019elaborazione, anche creativa, che la personalit\u00e0 dell\u2019uomo opera in s\u00e9, nella sfera del conscio individuale, di informazioni desunte dal conscio collettivo attraverso l\u2019apprendimento delle infinite variegature culturali e di costume. <\/p>\n\n\n<div class=\"wp-block-image\">\n<figure class=\"alignright size-medium is-resized\"><img decoding=\"async\" src=\"data:image\/svg+xml,%3Csvg%20xmlns='http:\/\/www.w3.org\/2000\/svg'%20viewBox='0%200%20370%20247'%3E%3C\/svg%3E\" data-lazy-src=\"https:\/\/www.esonet.it\/wp-content\/uploads\/2024\/12\/Ovoide-di-Assagioli-207x300.jpg\" alt=\"\" class=\"zeen-lazy-load-base zeen-lazy-load wp-image-11186\" style=\"width:230px;height:auto\"\/><noscript><img decoding=\"async\" width=\"207\" height=\"300\" src=\"https:\/\/www.esonet.it\/wp-content\/uploads\/2024\/12\/Ovoide-di-Assagioli-207x300.jpg\" alt=\"\" class=\"wp-image-11186\" style=\"width:230px;height:auto\" srcset=\"https:\/\/www.esonet.it\/wp-content\/uploads\/2024\/12\/Ovoide-di-Assagioli-207x300.jpg 207w, https:\/\/www.esonet.it\/wp-content\/uploads\/2024\/12\/Ovoide-di-Assagioli-500x726.jpg 500w, https:\/\/www.esonet.it\/wp-content\/uploads\/2024\/12\/Ovoide-di-Assagioli-293x425.jpg 293w, https:\/\/www.esonet.it\/wp-content\/uploads\/2024\/12\/Ovoide-di-Assagioli-390x566.jpg 390w, https:\/\/www.esonet.it\/wp-content\/uploads\/2024\/12\/Ovoide-di-Assagioli.jpg 551w\" sizes=\"(max-width: 207px) 100vw, 207px\" \/><\/noscript><\/figure>\n<\/div>\n\n\n<p class=\"wp-block-paragraph\">A questo, per\u00f2, va aggiunto che l\u2019erudizione, al contrario di quanto vorrebbero far credere certi stereotipi mondani, non si coniuga necessariamente con il buon senso, anzi, le cronache della storia illustrano la magistrale sequenza di fatti e misfatti con cui l\u2019erudizione di molti estimatori del potere e seguaci delle sue istituzioni, s\u2019\u00e8 coniugata con attivit\u00e0 umanamente pregiudizievoli ed incoerenti, con azioni malvage, con morali inique e con giustizialismi liberticidi. Ne consegue allora, che l\u2019intelletto della mente inferiore non andrebbe confuso con l\u2019intelletto della mente creativa, che attraverso l\u2019intuito, sviluppa elementi-pensiero del tutto originali desunti dal contatto con l\u2019Ego o con la Triade animica (vedi\u00a0<em><a href=\"https:\/\/www.esonet.it\/?p=1837\">Intelletto e conoscenza diretta<\/a><\/em>). Entrambi posti in quel piano di coscienza denominato\u00a0<em>superconscio<\/em>.<\/p>\n\n\n\n<p class=\"wp-block-paragraph\">Il ricercatore dovrebbe riconoscere nello sviluppo della logica e dell\u2019analisi intuitiva l\u2019anello di congiunzione, o il\u00a0<em>ponte<\/em>, attraverso cui l\u2019accresciuta capacit\u00e0 della mente inferiore, incapace per\u00f2 di astrarsi dalla propria condizione fisica, si proietta verso la soglia d\u2019un piano superiore di coscienza, andando cos\u00ec a\u00a0<em>fondare<\/em>\u00a0quella sfera psichica chiamata:\u00a0<em>mente astratta<\/em>.\u00a0<\/p>\n\n\n\n<p class=\"wp-block-paragraph\">Superare la soglia della natura inferiore non scaturisce da una concezione moraleggiante, come quella che lo vorrebbe condizionato alla purificazione dal&nbsp;<em>peccato<\/em>&nbsp;ma \u00e8 un&nbsp;<em>fatto<\/em>&nbsp;evolutivo, legato al progresso individuale, ovvero, ad una maggiore sensibilit\u00e0 e consapevolezza e ad un diverso modo d\u2019usare il pensiero.&nbsp;<\/p>\n\n\n\n<p class=\"wp-block-paragraph\">La costituzione d\u2019una capacit\u00e0 superiore di formulare pensieri \u00e8 chiamata intelligenza, ed \u00e8 caratterizzata dalla capacit\u00e0 individuale di astrarre la mente dagli attributi della natura passionale, condizionata dall\u2019istinto animale e dalle sue pulsioni emotive (distinguendo tra&nbsp;<em>il piano delle<\/em>&nbsp;<em>emozioni e il piano del sentimento<\/em>). Focalizzare se stessi su di un piano di coscienza pi\u00f9 sottile e sensibile, e stabilizzarvisi attraverso un maggiore quoziente psichico, modifica la \u201cstanzialit\u00e0\u201d dell\u2019io perch\u00e9 questi, una volta sviluppate le capacit\u00e0 sviluppate nell\u2019integrazione con i fenomeni di natura materiale, oltrepassa la soglia della sua innata focalizzazione trasferendo la propria \u201cpresenza\u201d in una nuova sfera di attivit\u00e0 mentale, che lo collega anche con la realt\u00e0 metafisica d\u2019ogni fenomeno, conosciuto fino ad allora solo nella sua manifestazione pi\u00f9 densa e concreta.&nbsp;<\/p>\n\n\n\n<p class=\"wp-block-paragraph\">La mente, la sfera psichica, \u00e8 la \u201ccasa\u201d ed il \u201cguscio\u201d che contiene, proteggendola, la vita del pensiero. Il pensiero non pu\u00f2 assumere una forma fuori della mente, quindi, il pensiero non pu\u00f2 materializzarsi che<em>&nbsp;nella mente<\/em>. A sua volta, la mente materializza ancor di pi\u00f9 il pensiero estroflettendosi nel cervello che, in ragione della sua maggiore o minore capacit\u00e0 di comprenderlo, e nella misura in cui \u00e8 in grado d\u2019afferrare un numero pi\u00f9 o meno grande dei concetti che vi sono implicati, infine pu\u00f2 esteriorizzarlo completamente attraverso medi non sempre efficaci come gli atti (immagini esemplari), e mezzi non sempre affidabili come le parole (immagini sonore).&nbsp;<\/p>\n\n\n\n<p class=\"wp-block-paragraph\">Coagulando attorno a s\u00e9 parte del tessuto (energetico) coscienziale, quel nucleo d\u2019attivit\u00e0 intelligente ch\u2019\u00e8 chiamato comunemente \u00abpensiero\u00bb, crea uno\u00a0<em>\u201cspecchio\u201d<\/em>\u00a0sul quale manifestarsi, materializzandosi in un\u2019immagine, un riflesso. L\u2019antica saggezza insegna che ogni\u00a0<em>individuo riflette in S\u00e9 la divinit\u00e0 del Primo Modello Archetipo, Causa prima e Generatore dell\u2019intera creazione. Cos\u00ec si materializza anche in ogni frammento del mondo fenomenico l\u2019Unit\u00e0 dell\u2019Ente supremo chiamato Dio<\/em>. Attraverso un medio meno grossolano e materiale l\u2019attivit\u00e0 intelligente della Triade animica chiamata Ego (<em>Ego oggi, Psich\u00e8 nell\u2019antichit\u00e0, \u00e8 il termine usato per indicare l\u2019intelligenza del S\u00e9 superiore, ovvero il suo \u00abpensiero\u00bb. Con ci\u00f2 si vuole significare che l\u2019attivit\u00e0 intelligente dell\u2019anima riflette il 3\u00b0 Aspetto cosmico che in occidente, il culto devozionale chiama Spirito Santo<\/em>), pu\u00f2 preservare meglio le proprie caratteristiche sottili, e quello specchio, assai meno mineralizzato di quello fisico, (<em>lo<\/em>\u00a0<em>Speculum iniziatico. Tiphereth e il centro cardiaco<\/em>) \u00e8 la mente astratta (<em>mente egoica, priva d\u2019attributi inferiori<\/em>, vedi\u00a0<em><a href=\"https:\/\/www.esonet.it\/?p=1319\">Integrare spirito e materia<\/a><\/em>). <img decoding=\"async\" src=\"data:image\/svg+xml,%3Csvg%20xmlns='http:\/\/www.w3.org\/2000\/svg'%20viewBox='0%200%20370%20247'%3E%3C\/svg%3E\" class=\"zeen-lazy-load-base zeen-lazy-load wp-image-4295\" style=\"width: 18px;\" data-lazy-src=\"https:\/\/www.esonet.it\/wp-content\/uploads\/2023\/05\/fine_testo.gif\" alt=\"\"><noscript><img decoding=\"async\" width=\"18\" height=\"18\" class=\"wp-image-4295\" style=\"width: 18px;\" src=\"https:\/\/www.esonet.it\/wp-content\/uploads\/2023\/05\/fine_testo.gif\" alt=\"\"><\/noscript><\/p>\n\n\n\n<p class=\"wp-block-paragraph\"><\/p>\n\n\n\n<hr class=\"wp-block-separator has-alpha-channel-opacity\"\/>\n\n\n\n<p class=\"wp-block-paragraph\" id=\"n1\"><a href=\"applewebdata:\/\/3393385D-D10E-4C78-B462-CB75BF2164D0#_ftnref1\"><sup>[1]<\/sup><\/a>\u00a0Un\u00a0<em>sistema chiuso<\/em><strong>\u00a0<\/strong>\u00e8 una tesi costruita a prova di smentita (cit.\u00a0<em>Karl\u00a0Popper<\/em>). Appartengono a sistemi chiusi le tesi totalmente astratte (astruse), le asserzioni ideologiche o pi\u00f9 specificatamente i dogmi religiosi che trovano conferma solo all\u2019interno dei loro costrutti e solo per mezzo dei propri strumenti, per cui, non possono incorrere in smentite. Queste sono dette\u00a0<em>autoimmunizzanti<\/em>\u00a0perch\u00e9 sono state fondate su moduli ragionevoli che si sostengono non ponendo in discussione nessuna parte di s\u00e9 immunizzandosi cos\u00ec da ogni possibilit\u00e0 smentita che possa derivare da un\u00a0<em>contraddittorio dialettico<\/em>\u00a0o da un\u00a0<em>confronto intellettuale<\/em>. Inoltre sono considerati\u00a0<em>a sistema chiuso<\/em>,<em>\u00a0quelle<\/em>\u00a0tesi ideologiche o di credo, che si affermano come proposizioni onnicomprensive cio\u00e8, quei sistemi speculativi all&#8217;interno dei quali si trova la spiegazione di tutto e per tutto. (<a href=\"#1\">torna al testo<\/a>)<\/p>\n\n\n<div class=\"wp-block-image\">\n<figure class=\"aligncenter size-full\"><a href=\"#su\"><img decoding=\"async\" src=\"data:image\/svg+xml,%3Csvg%20xmlns='http:\/\/www.w3.org\/2000\/svg'%20viewBox='0%200%20370%20247'%3E%3C\/svg%3E\" data-lazy-src=\"https:\/\/www.esonet.it\/wp-content\/uploads\/2017\/03\/Uovo_min.jpg\" alt=\"\" class=\"zeen-lazy-load-base zeen-lazy-load wp-image-8333\"\/><noscript><img decoding=\"async\" width=\"44\" height=\"70\" src=\"https:\/\/www.esonet.it\/wp-content\/uploads\/2017\/03\/Uovo_min.jpg\" alt=\"\" class=\"wp-image-8333\"\/><\/noscript><\/a><\/figure>\n<\/div>","protected":false},"excerpt":{"rendered":"<p>Lo sviluppo della ragione viene raffigurato con una serie di rappresentazioni che, scolasticamente, vengono chiamate livelli mentali o piani di coscienza. I livelli attraverso cui si sviluppa il progresso della mente ragionevole sono definiti con termini convenzionali che possono apparire diversi a seconda del \u201clinguaggio\u201d culturale che viene preferito dallo studioso o dal ricercatore.\u00a0 Dalla ragione fisica alla mente astratta di Athos A. Altomonte Lo sviluppo della ragione viene raffigurato con una serie di rappresentazioni che, scolasticamente, vengono chiamate livelli [&hellip;]<\/p>\n","protected":false},"author":1,"featured_media":11185,"comment_status":"open","ping_status":"open","sticky":false,"template":"","format":"standard","meta":{"wds_primary_category":73,"footnotes":""},"categories":[73],"tags":[36],"class_list":["post-11145","post","type-post","status-publish","format-standard","has-post-thumbnail","hentry","category-psicologia","tag-sviluppocoscienziale"],"_links":{"self":[{"href":"https:\/\/www.esonet.it\/index.php?rest_route=\/wp\/v2\/posts\/11145","targetHints":{"allow":["GET"]}}],"collection":[{"href":"https:\/\/www.esonet.it\/index.php?rest_route=\/wp\/v2\/posts"}],"about":[{"href":"https:\/\/www.esonet.it\/index.php?rest_route=\/wp\/v2\/types\/post"}],"author":[{"embeddable":true,"href":"https:\/\/www.esonet.it\/index.php?rest_route=\/wp\/v2\/users\/1"}],"replies":[{"embeddable":true,"href":"https:\/\/www.esonet.it\/index.php?rest_route=%2Fwp%2Fv2%2Fcomments&post=11145"}],"version-history":[{"count":9,"href":"https:\/\/www.esonet.it\/index.php?rest_route=\/wp\/v2\/posts\/11145\/revisions"}],"predecessor-version":[{"id":11198,"href":"https:\/\/www.esonet.it\/index.php?rest_route=\/wp\/v2\/posts\/11145\/revisions\/11198"}],"wp:featuredmedia":[{"embeddable":true,"href":"https:\/\/www.esonet.it\/index.php?rest_route=\/wp\/v2\/media\/11185"}],"wp:attachment":[{"href":"https:\/\/www.esonet.it\/index.php?rest_route=%2Fwp%2Fv2%2Fmedia&parent=11145"}],"wp:term":[{"taxonomy":"category","embeddable":true,"href":"https:\/\/www.esonet.it\/index.php?rest_route=%2Fwp%2Fv2%2Fcategories&post=11145"},{"taxonomy":"post_tag","embeddable":true,"href":"https:\/\/www.esonet.it\/index.php?rest_route=%2Fwp%2Fv2%2Ftags&post=11145"}],"curies":[{"name":"wp","href":"https:\/\/api.w.org\/{rel}","templated":true}]}}