{"id":11209,"date":"2025-07-18T10:40:29","date_gmt":"2025-07-18T08:40:29","guid":{"rendered":"https:\/\/www.esonet.it\/?p=11209"},"modified":"2026-01-24T13:26:06","modified_gmt":"2026-01-24T12:26:06","slug":"la-gerarchia-degli-esseri-spirituali","status":"publish","type":"post","link":"https:\/\/www.esonet.it\/?p=11209","title":{"rendered":"La Gerarchia degli esseri spirituali"},"content":{"rendered":"\n<div class=\"wp-block-group\"><div class=\"wp-block-group__inner-container is-layout-constrained wp-block-group-is-layout-constrained\"><div class=\"wp-block-image\">\n<figure class=\"alignright\"><a href=\"https:\/\/www.esonet.it\/?cat=43\"><img decoding=\"async\" src=\"data:image\/svg+xml,%3Csvg%20xmlns='http:\/\/www.w3.org\/2000\/svg'%20viewBox='0%200%20370%20247'%3E%3C\/svg%3E\" class=\"zeen-lazy-load-base zeen-lazy-load\" data-lazy-src=\"images\/topics\/DomRisp1.jpg\" alt=\"Domande e Risposte\" title=\"Domande e Risposte\"\/><noscript><img decoding=\"async\" src=\"images\/topics\/DomRisp1.jpg\" alt=\"Domande e Risposte\" title=\"Domande e Risposte\"\/><\/noscript><\/a><\/figure>\n<\/div>\n\n\n<p class=\"wp-block-paragraph\">Vorrei capire meglio cosa si intende con il termine Gerarchia. Cosa significa, a cosa si associa o a chi, questa idea?<\/p>\n\n\n\n<p class=\"wp-block-paragraph\">Sebbene l\u2019argomento della Gerarchia occulta del pianeta interessi profondamente l\u2019uomo comune, tuttavia il suo vero significato non verr\u00e0 mai compreso fino a quando l\u2019uomo non realizzer\u00e0 tre fatti in relazione ad essa&#8230;<\/p>\n\n\n\n<div style=\"height:10px\" aria-hidden=\"true\" class=\"wp-block-spacer\"><\/div>\n<\/div><\/div>\n\n\n\n<h3 class=\"wp-block-heading\" id=\"su\">La Gerarchia degli esseri spirituali<\/h3>\n\n\n\n<p class=\"wp-block-paragraph\">a cura di Adriano Nardi<\/p>\n\n\n\n<div style=\"height:30px\" aria-hidden=\"true\" class=\"wp-block-spacer\"><\/div>\n\n\n\n<p class=\"wp-block-paragraph\"><strong>D<\/strong>: Vorrei capire meglio cosa si intende con il termine Gerarchia. Cosa significa, a cosa si associa o a chi, questa idea?<\/p>\n\n\n\n<p class=\"wp-block-paragraph\"><strong>R<\/strong>: Il termine Gerarchia nel glossario presente nel testo&nbsp;<em>Iniziazione Umana e Solare<\/em>&nbsp;di A.A. Bailey \u00e8 definito come segue:<\/p>\n\n\n\n<p class=\"wp-block-paragraph\">\u00ab<strong><em>Gerarchia<\/em><\/strong>: Il gruppo di Esseri spirituali sui piani interiori del sistema solare.&nbsp;<strong>Sono le forze intelligenti della natura e dirigono i processi evolutivi.<\/strong>&nbsp;Si suddividono in dodici Gerarchie. Entro l\u2019ambito dello schema planetario, lo schema terrestre, esiste un riflesso di questa Gerarchia, dagli esoteristi chiamata occulta. \u00c8 costituita da Chohan*, adepti e iniziati che operano nel mondo tramite i loro discepoli.\u00bb<\/p>\n\n\n\n<p class=\"wp-block-paragraph\">__________<\/p>\n\n\n\n<p class=\"wp-block-paragraph\">*&nbsp;<em>Chohan<\/em>: termine tibetano, significa \u201cSignore\u201d o \u201cMaestro\u201d; un capo; cos\u00ec Dhyan-Chohan indica \u201cCapo dei Dhyanis\u201d, o Luci celestiali \u2013 che pu\u00f2 essere tradotto con Arcangeli.<\/p>\n\n\n\n<p class=\"wp-block-paragraph\">__________<\/p>\n\n\n\n<p class=\"wp-block-paragraph\">Inoltre sempre nello stesso testo \u00e8 scritto:<\/p>\n\n\n\n<p class=\"wp-block-paragraph\">\u00abSebbene l\u2019argomento della Gerarchia occulta del pianeta interessi profondamente l\u2019uomo comune, tuttavia il suo vero significato non verr\u00e0 mai compreso fino a quando l\u2019uomo non realizzer\u00e0 tre fatti in relazione ad essa. In primo luogo che&nbsp;<strong>tutta la Gerarchia di esseri spirituali rappresenta una sintesi di forze o energie coscientemente utilizzate per promuovere l\u2019evoluzione planetaria<\/strong>. Ci\u00f2 diverr\u00e0 pi\u00f9 evidente in seguito. In secondo luogo che queste forze che si manifestano nel nostro schema planetario per mezzo delle grandi Personalit\u00e0 che compongono la Gerarchia lo collegano, insieme a tutto ci\u00f2 che contiene, con la Gerarchia maggiore che chiamiamo solare. La nostra \u00e8 solo una copia in miniatura di una sintesi pi\u00f9 vasta di Entit\u00e0 autocoscienti che operano, governano e si manifestano attraverso il sole e i sette pianeti sacri, come pure attraverso tutti gli altri pianeti maggiori o minori che compongono il nostro sistema solare. In terzo luogo che questa Gerarchia di forze opera in quattro direzioni preminenti:<\/p>\n\n\n\n<ul class=\"wp-block-list\">\n<li>Sviluppo dell\u2019autocoscienza in tutti gli esseri;<\/li>\n\n\n\n<li>Sviluppo della coscienza nei tre regni della natura;<\/li>\n\n\n\n<li>Trasmissione della volont\u00e0 del Logos planetario;<\/li>\n\n\n\n<li>Essere d\u2019esempio all\u2019umanit\u00e0.\u00bb<\/li>\n<\/ul>\n\n\n\n<p class=\"wp-block-paragraph\">Quindi la Gerarchia \u00e8 l\u2019insieme delle forze del quinto regno di natura sul nostro pianeta. Pertanto ogni uomo come anima \u00e8 membro della Gerarchia, dapprima in maniera inconsapevole finch\u00e9 non agisce ed opera come anima, quindi consapevolmente. <img decoding=\"async\" src=\"data:image\/svg+xml,%3Csvg%20xmlns='http:\/\/www.w3.org\/2000\/svg'%20viewBox='0%200%20370%20247'%3E%3C\/svg%3E\" class=\"zeen-lazy-load-base zeen-lazy-load wp-image-4295\" style=\"width: 18px;\" data-lazy-src=\"https:\/\/www.esonet.it\/wp-content\/uploads\/2023\/05\/fine_testo.gif\" alt=\"\"><noscript><img decoding=\"async\" width=\"18\" height=\"18\" class=\"wp-image-4295\" style=\"width: 18px;\" src=\"https:\/\/www.esonet.it\/wp-content\/uploads\/2023\/05\/fine_testo.gif\" alt=\"\"><\/noscript><\/p>\n\n\n<div class=\"wp-block-image\">\n<figure class=\"aligncenter size-full\"><a href=\"#su\"><img decoding=\"async\" src=\"data:image\/svg+xml,%3Csvg%20xmlns='http:\/\/www.w3.org\/2000\/svg'%20viewBox='0%200%20370%20247'%3E%3C\/svg%3E\" data-lazy-src=\"https:\/\/www.esonet.it\/wp-content\/uploads\/2017\/03\/Uovo_min.jpg\" alt=\"\" class=\"zeen-lazy-load-base zeen-lazy-load wp-image-8333\"\/><noscript><img decoding=\"async\" width=\"44\" height=\"70\" src=\"https:\/\/www.esonet.it\/wp-content\/uploads\/2017\/03\/Uovo_min.jpg\" alt=\"\" class=\"wp-image-8333\"\/><\/noscript><\/a><\/figure>\n<\/div>","protected":false},"excerpt":{"rendered":"<p>Vorrei capire meglio cosa si intende con il termine Gerarchia. Cosa significa, a cosa si associa o a chi, questa idea? Sebbene l\u2019argomento della Gerarchia occulta del pianeta interessi profondamente l\u2019uomo comune, tuttavia il suo vero significato non verr\u00e0 mai compreso fino a quando l\u2019uomo non realizzer\u00e0 tre fatti in relazione ad essa&#8230; La Gerarchia degli esseri spirituali a cura di Adriano Nardi D: Vorrei capire meglio cosa si intende con il termine Gerarchia. Cosa significa, a cosa si associa [&hellip;]<\/p>\n","protected":false},"author":1,"featured_media":11212,"comment_status":"open","ping_status":"open","sticky":false,"template":"","format":"standard","meta":{"wds_primary_category":43,"footnotes":""},"categories":[43],"tags":[38],"class_list":["post-11209","post","type-post","status-publish","format-standard","has-post-thumbnail","hentry","category-domande-e-risposte","tag-educazione-esoterica"],"_links":{"self":[{"href":"https:\/\/www.esonet.it\/index.php?rest_route=\/wp\/v2\/posts\/11209","targetHints":{"allow":["GET"]}}],"collection":[{"href":"https:\/\/www.esonet.it\/index.php?rest_route=\/wp\/v2\/posts"}],"about":[{"href":"https:\/\/www.esonet.it\/index.php?rest_route=\/wp\/v2\/types\/post"}],"author":[{"embeddable":true,"href":"https:\/\/www.esonet.it\/index.php?rest_route=\/wp\/v2\/users\/1"}],"replies":[{"embeddable":true,"href":"https:\/\/www.esonet.it\/index.php?rest_route=%2Fwp%2Fv2%2Fcomments&post=11209"}],"version-history":[{"count":9,"href":"https:\/\/www.esonet.it\/index.php?rest_route=\/wp\/v2\/posts\/11209\/revisions"}],"predecessor-version":[{"id":11246,"href":"https:\/\/www.esonet.it\/index.php?rest_route=\/wp\/v2\/posts\/11209\/revisions\/11246"}],"wp:featuredmedia":[{"embeddable":true,"href":"https:\/\/www.esonet.it\/index.php?rest_route=\/wp\/v2\/media\/11212"}],"wp:attachment":[{"href":"https:\/\/www.esonet.it\/index.php?rest_route=%2Fwp%2Fv2%2Fmedia&parent=11209"}],"wp:term":[{"taxonomy":"category","embeddable":true,"href":"https:\/\/www.esonet.it\/index.php?rest_route=%2Fwp%2Fv2%2Fcategories&post=11209"},{"taxonomy":"post_tag","embeddable":true,"href":"https:\/\/www.esonet.it\/index.php?rest_route=%2Fwp%2Fv2%2Ftags&post=11209"}],"curies":[{"name":"wp","href":"https:\/\/api.w.org\/{rel}","templated":true}]}}