{"id":1276,"date":"2011-02-24T13:47:05","date_gmt":"2011-02-24T12:47:05","guid":{"rendered":"http:\/\/www.esonet.it\/?p=1276"},"modified":"2023-10-16T19:04:11","modified_gmt":"2023-10-16T17:04:11","slug":"prime-cause-delloscillazione-emotiva","status":"publish","type":"post","link":"https:\/\/www.esonet.it\/?p=1276","title":{"rendered":"Prime cause dell&#8217;oscillazione emotiva"},"content":{"rendered":"<p><a href=\"https:\/\/www.esonet.it\/?cat=54\"><img decoding=\"async\" src=\"data:image\/svg+xml,%3Csvg%20xmlns='http:\/\/www.w3.org\/2000\/svg'%20viewBox='0%200%20370%20247'%3E%3C\/svg%3E\" class=\"zeen-lazy-load-base zeen-lazy-load alignright\" title=\"Letture d'Esoterismo\" data-lazy-src=\"images\/topics\/LettOccidente1.jpg\" alt=\"Letture d'Esoterismo\" align=\"right\" border=\"0\" \/><noscript><img decoding=\"async\" class=\"alignright\" title=\"Letture d'Esoterismo\" src=\"images\/topics\/LettOccidente1.jpg\" alt=\"Letture d'Esoterismo\" align=\"right\" border=\"0\" \/><\/noscript><\/a>Stimolato dalle domande di un amico, vorrei qui aggiungere delle considerazioni su quella che viene indicata e riconosciuta come oscillazione emotiva.<br \/>\nIn modo semplice, cos\u00ec da non dover affrontare l\u2019aspetto profondo dell\u2019argomento, che sarebbe la costruzione (stabilizzatrice) di ponti coscienziali, che renderebbero meno &#8220;oscillante&#8221; la struttura psichica ed emotiva dell\u2019individuo.<\/p>\n<table border=\"0\" width=\"100%\">\n<tbody>\n<tr>\n<td scope=\"col\">\n<div align=\"center\">\n<h3 align=\"left\"><a name=\"su\"><\/a>Prime cause dell&#8217;oscillazione emotiva<\/h3>\n<p align=\"left\">di Athos A. Altomonte<\/p>\n<\/div>\n<\/td>\n<\/tr>\n<tr>\n<td scope=\"row\">\n<div align=\"justify\">\n<p>Stimolato dalle domande di un amico, vorrei qui aggiungere delle considerazioni su quella che viene indicata e riconosciuta come <em>oscillazione emotiva<\/em>.<\/p>\n<p>In modo semplice, cos\u00ec da non dover affrontare l\u2019aspetto profondo dell\u2019argomento, che sarebbe la costruzione (stabilizzatrice) di ponti coscienziali, che renderebbero meno &#8220;oscillante&#8221; la struttura psichica ed emotiva dell\u2019individuo.<\/p>\n<p>Ci si potrebbe, quantomeno, soffermare sul merito del termine: oscillazioni.<\/p>\n<p>Date da cosa e perch\u00e9? Potrebbe essere una prima domanda. Di cui, per esempio, potremmo indicare le cause pi\u00f9 generiche con: oscillazione emotiva tra il conoscere e l\u2019immaginare. Oscillazione emotiva data dalla conflittualit\u00e0 tra sfera emotiva e sfera razionale. Oscillazione tra l\u2019impulso mascolino all\u2019idea (lobo cerebrale sinistro) e l\u2019impulso femminino (lobo cerebrale destro).<\/p>\n<p>Le oscillazioni si attenuano fortemente in corrispondenza di un ambito coscienziale (coscienza di s\u00e9) chiamato <strong>baricentro egoico<\/strong>, composto da coscienza impersonale e mente astratta, non influenzata dagli attributi fisico-animali.<\/p>\n<p>Ecco che in prima istanza appare la correlazione tra <strong>oscillazione ed emotivit\u00e0<\/strong>. Una fase dello sviluppo psichico certamente non molto evoluto. L\u2019emotivit\u00e0 \u00e8 un costrutto mentale proveniente da una coscienza ancora <em>immemore di s\u00e9<\/em> e, perci\u00f2, ancora fortemente influenzata dai sensi (e sensazioni) fisici carnali, che tendono al naturale soddisfacimento degli impulsi della sfera fisico-animale.<\/p>\n<p>Il cambiamento epocale di una personalit\u00e0, avviene con la &#8220;decisione&#8221; (esotericamente detta &#8220;la scelta o bivio&#8221;) che porta al riorientamento tra i rapporti di &#8220;sudditanza&#8221; tra mente e stati emotivi. E avverr\u00e0 quando la coscienza individuale, in piena autonomia, comincer\u00e0 ad affidarsi pi\u00f9 all\u2019intelletto superiore (v. orientamento verticale) che alle sensazioni della ragione fisica, che molti pensatori, con umorismo, hanno definito <strong>la mente che mente<\/strong>.<\/p>\n<p>A questo punto, appariranno altri tipi di oscillazioni. Questa volta di origine verticale. Causate dalla tensione che si avverte tra due diversi &#8220;punti di vista&#8221;. La direzione di vita scelta dalla mente fisica (v. orientamento orizzontale) e la direzione a cui tende la volont\u00e0 egoica (coscienza impersonale), la cui associazione \u00e8 all\u2019origine del distacco dai piani pi\u00f9 bassi dell\u2019io personale.<\/p>\n<p>L\u2019argomento <strong>psiche <\/strong>(mente fisica) e<strong> Psich\u00e8<\/strong> (mente animica) \u00e8 affascinante e quanto mai profondo. \u00c8 ed \u00e8 stato sempre oggetto di studio dei pi\u00f9 grandi pensatori, sperimentatori ed iniziati, e non lo si pu\u00f2 affrontare con faciloneria. Quanto meno, non lo si dovrebbe affrontare con i soli strumenti dell\u2019opinione, o peggio, delle sensazioni. Altrimenti il tema scadrebbe subito nei limiti di una chiacchierata esclusiva (a me piace questo, io penso quello), priva di un qualsiasi vero costrutto conoscitivo. Conversazione basata, piuttosto, sulla precariet\u00e0 di una singola opinione. <img decoding=\"async\" src=\"data:image\/svg+xml,%3Csvg%20xmlns='http:\/\/www.w3.org\/2000\/svg'%20viewBox='0%200%2015%2015'%3E%3C\/svg%3E\" class=\"zeen-lazy-load-base zeen-lazy-load\" data-lazy-src=\"..\/img_art\/fine_testo.gif\" width=\"15\" height=\"15\" \/><noscript><img decoding=\"async\" src=\"..\/img_art\/fine_testo.gif\" width=\"15\" height=\"15\" \/><\/noscript><\/p>\n<p align=\"center\"><a href=\"#su\"><img decoding=\"async\" src=\"data:image\/svg+xml,%3Csvg%20xmlns='http:\/\/www.w3.org\/2000\/svg'%20viewBox='0%200%2044%2070'%3E%3C\/svg%3E\" class=\"zeen-lazy-load-base zeen-lazy-load\" data-lazy-src=\"..\/img_art\/Uovo_min.jpg\" alt=\"torna su\" width=\"44\" height=\"70\" border=\"0\" \/><noscript><img decoding=\"async\" src=\"..\/img_art\/Uovo_min.jpg\" alt=\"torna su\" width=\"44\" height=\"70\" border=\"0\" \/><\/noscript><\/a><\/p>\n<\/div>\n<\/td>\n<\/tr>\n<\/tbody>\n<\/table>\n","protected":false},"excerpt":{"rendered":"<p>Stimolato dalle domande di un amico, vorrei qui aggiungere delle considerazioni su quella che viene indicata e riconosciuta come oscillazione emotiva. In modo semplice, cos\u00ec da non dover affrontare l\u2019aspetto profondo dell\u2019argomento, che sarebbe la costruzione (stabilizzatrice) di ponti coscienziali, che renderebbero meno &#8220;oscillante&#8221; la struttura psichica ed emotiva dell\u2019individuo. Prime cause dell&#8217;oscillazione emotiva di Athos A. Altomonte Stimolato dalle domande di un amico, vorrei qui aggiungere delle considerazioni su quella che viene indicata e riconosciuta come oscillazione emotiva. In [&hellip;]<\/p>\n","protected":false},"author":1,"featured_media":7339,"comment_status":"open","ping_status":"open","sticky":false,"template":"","format":"standard","meta":{"wds_primary_category":0,"footnotes":""},"categories":[54],"tags":[36],"class_list":["post-1276","post","type-post","status-publish","format-standard","has-post-thumbnail","hentry","category-letture-desoterismo","tag-sviluppocoscienziale"],"_links":{"self":[{"href":"https:\/\/www.esonet.it\/index.php?rest_route=\/wp\/v2\/posts\/1276","targetHints":{"allow":["GET"]}}],"collection":[{"href":"https:\/\/www.esonet.it\/index.php?rest_route=\/wp\/v2\/posts"}],"about":[{"href":"https:\/\/www.esonet.it\/index.php?rest_route=\/wp\/v2\/types\/post"}],"author":[{"embeddable":true,"href":"https:\/\/www.esonet.it\/index.php?rest_route=\/wp\/v2\/users\/1"}],"replies":[{"embeddable":true,"href":"https:\/\/www.esonet.it\/index.php?rest_route=%2Fwp%2Fv2%2Fcomments&post=1276"}],"version-history":[{"count":2,"href":"https:\/\/www.esonet.it\/index.php?rest_route=\/wp\/v2\/posts\/1276\/revisions"}],"predecessor-version":[{"id":10266,"href":"https:\/\/www.esonet.it\/index.php?rest_route=\/wp\/v2\/posts\/1276\/revisions\/10266"}],"wp:featuredmedia":[{"embeddable":true,"href":"https:\/\/www.esonet.it\/index.php?rest_route=\/wp\/v2\/media\/7339"}],"wp:attachment":[{"href":"https:\/\/www.esonet.it\/index.php?rest_route=%2Fwp%2Fv2%2Fmedia&parent=1276"}],"wp:term":[{"taxonomy":"category","embeddable":true,"href":"https:\/\/www.esonet.it\/index.php?rest_route=%2Fwp%2Fv2%2Fcategories&post=1276"},{"taxonomy":"post_tag","embeddable":true,"href":"https:\/\/www.esonet.it\/index.php?rest_route=%2Fwp%2Fv2%2Ftags&post=1276"}],"curies":[{"name":"wp","href":"https:\/\/api.w.org\/{rel}","templated":true}]}}