{"id":1461,"date":"2009-03-11T17:00:18","date_gmt":"2009-03-11T16:00:18","guid":{"rendered":"http:\/\/www.esonet.it\/?p=1461"},"modified":"2023-11-04T10:26:21","modified_gmt":"2023-11-04T09:26:21","slug":"imago-templi-3-2","status":"publish","type":"post","link":"https:\/\/www.esonet.it\/?p=1461","title":{"rendered":"Imago Templi \/ 3.2"},"content":{"rendered":"<p><a href=\"https:\/\/www.esonet.it\/?cat=42\"><img decoding=\"async\" src=\"data:image\/svg+xml,%3Csvg%20xmlns='http:\/\/www.w3.org\/2000\/svg'%20viewBox='0%200%20370%20247'%3E%3C\/svg%3E\" class=\"zeen-lazy-load-base zeen-lazy-load alignright\" title=\"Massoneria\" data-lazy-src=\"images\/topics\/Massoneria1.jpg\" alt=\"Massoneria\" align=\"right\" border=\"0\" \/><noscript><img decoding=\"async\" class=\"alignright\" title=\"Massoneria\" src=\"images\/topics\/Massoneria1.jpg\" alt=\"Massoneria\" align=\"right\" border=\"0\" \/><\/noscript><\/a><em>La Catena d&#8217;Unione &#8211; Metodo per la costruzione d&#8217;una Catena di Unione &#8211; La Catena d&#8217;Unione, simbolo universale e segno di scienza <\/em><\/p>\n<p>La Catena d&#8217;Unione non pu\u00f2 essere che Universale, ed \u00e8 costituita da fattori che non sono certo la mera presenza fisica o &#8220;politica&#8221; del massone.<br \/>\nAccettando l&#8217;assunto della realt\u00e0 Universale della Catena, potremo indicare come anelli le Comunioni che la compongono anche se spesso spezzati dagli interessi profani ed anti-iniziatici di vertici inadeguati ai propri doveri ed inadeguati a riconoscere e a raccogliere le necessit\u00e0 dell&#8217;Ordine e dei Fratelli che lo &#8220;costituiscono&#8221;.<\/p>\n<table border=\"0\" width=\"100%\">\n<tbody>\n<tr>\n<td scope=\"col\">\n<div align=\"center\">\n<h3 align=\"left\"><a name=\"su\"><\/a>Imago Templi \/ Libro III<\/h3>\n<p align=\"left\">di Athos A. Altomonte<\/p>\n<\/div>\n<\/td>\n<\/tr>\n<tr>\n<td scope=\"row\">\n<div align=\"justify\">\n<p align=\"justify\"><em>Sommario<\/em>: <a href=\"#p1\">La Catena d&#8217;Unione<\/a> &#8211; <a href=\"#p2\">Metodo per la costruzione d&#8217;una Catena di Unione<\/a> &#8211; <a href=\"#p3\">La Catena d&#8217;Unione, simbolo universale e segno di scienza<\/a><\/p>\n<h4><a name=\"p1\"><\/a>La Catena d&#8217;Unione<\/h4>\n<p>Rinunciamo anche qui come per tutti gli altri argomenti, alla ricerca d&#8217;interpretazioni e di significati che troveremmo con facilit\u00e0 in una teoria di pubblicazioni <strong><em>commerciate al Mondo profano <\/em><\/strong>da una moltitudine d&#8217;aspiranti d&#8217;un grado massonico in realt\u00e0 mai raggiunto, ma infiggiamo nel terreno turbolento della nostra mente solo alcuni punti di riferimento, essenziali alla costruzione del nostro ragionamento.<\/p>\n<p><strong><em>La Catena d&#8217;Unione non pu\u00f2 essere che Universale, <\/em><\/strong> ed \u00e8 costituita da fattori che non sono certo <strong><em>la mera presenza fisica o &#8220;politica&#8221; del massone. <\/em><\/strong><\/p>\n<p>Come abbiamo avuto occasione d&#8217;osservare, molti uomini confondono l&#8217;internazionalismo con l&#8217;universalismo della Massoneria. <strong><em>Ed \u00e8 errore comune dell&#8217;uomo comune, scambiare la politica con l&#8217;intellettualit\u00e0 Massonica che facendo pensiero non segue, n\u00e9 tanto meno elargisce opinioni. <\/em><\/strong><\/p>\n<p>Quest&#8217;ultimo, abile profano ma stolto massone, \u00e8 da considerarsi come un bacillo da cui guardarsi e difendersi.<\/p>\n<p>Accettando l&#8217;assunto della realt\u00e0 Universale della Catena, potremo indicare come <strong>anelli <\/strong> le Comunioni che la compongono anche se spesso spezzati dagli interessi profani ed anti-iniziatici di vertici inadeguati ai propri doveri ed inadeguati a riconoscere e a raccogliere le necessit\u00e0 dell&#8217;Ordine <strong><em> e dei Fratelli che lo &#8220;costituiscono&#8221;<\/em><\/strong>.<\/p>\n<p>Le Logge di una Comunione dovrebbero essere salvaguardate ed allevate in un&#8217;armonica coralit\u00e0 <strong><em>da chi ne ha il dovere<\/em><\/strong>, quali anelli d&#8217;una Catena minore e non per questo di meno valore. Giungendo qui a realizzare, che se il principio macroscopico della Catena d&#8217;Unione \u00e8 l&#8217;universalit\u00e0, dovremo considerare per principio microscopico i massoni che compongono la singola Loggia.<\/p>\n<p>Forse allora in futuro si comprender\u00e0 che per creare una Loggia giusta e perfetta, che sia parte integrata ed armonica con gli altri anelli della Comunione, e che questi permettano a quest&#8217;ultima d&#8217;essere <strong><em>Anello <\/em><\/strong><strong><em>della Grande Catena Universale<\/em><\/strong>, si dovr\u00e0, come nelle epoche passate, seguire un metodo di costruzione; che non sia un semplice assemblaggio confuso e spesso casuale d&#8217;uomini incoscienti d&#8217;una Via secolare di Sapere, per la quale <strong><em>Fratelli <\/em><\/strong> hanno versato il meglio di s\u00e9 stessi, ma considereremo un semplice metodo per la costruzione d&#8217;una Catena di Unione.<\/p>\n<h4><a name=\"p2\"><\/a>Metodo per la costruzione d&#8217;una Catena di Unione<\/h4>\n<p><em>Catena d&#8217;Unione, questo \u00e8 il termine dato alla rappresentazione fisica della volont\u00e0 di coesione e d&#8217;energia attrattiva per mezzo delle quali il gruppo esiste e vive, ove mancassero subentrerebbe quel fenomeno di sfaldamento ed allontanamento dei composti, che nel corpo umano prende il nome di morte. <\/em><\/p>\n<p align=\"center\"><img decoding=\"async\" src=\"data:image\/svg+xml,%3Csvg%20xmlns='http:\/\/www.w3.org\/2000\/svg'%20viewBox='0%200%20492%20528'%3E%3C\/svg%3E\" class=\"zeen-lazy-load-base zeen-lazy-load\" data-lazy-src=\"..\/img_art\/catena_d'unione1.gif\" width=\"492\" height=\"528\" \/><noscript><img decoding=\"async\" src=\"..\/img_art\/catena_d'unione1.gif\" width=\"492\" height=\"528\" \/><\/noscript><\/p>\n<p>Seguendo la tematica del <strong><em>Filo a Piombo<\/em><\/strong>, il Fratello Costruttore che abbia <strong><em>la possibilit\u00e0, le capacit\u00e0 e la volont\u00e0 <\/em><\/strong>(triplice) d&#8217;arrestarsi e stabilizzarsi quanto pi\u00f9 possibile sull&#8217;asse verticale della Mente nella visualizzazione e concettualizzazione pi\u00f9 elevata, diverr\u00e0 <strong><em>naturalmente <\/em><\/strong> un punto d&#8217;attrazione magnetica, attraverso l&#8217;energia espressa dal pensiero, dai gesti e dalla parole.<\/p>\n<p>L&#8217;attrazione per affinit\u00e0 o similitudine di altri Fratelli, sar\u00e0 inizialmente asimmetrica ed \u00e8 compito del Fratello che siede nel, <strong><em>Mozzo della Ruota <\/em><\/strong> accelerare i pi\u00f9 lenti e distanti e rallentare i pi\u00f9 prossimi, quindi pi\u00f9 veloci.<\/p>\n<p>Quando il Massone che occupa il posto stabile al <strong><em>Centro <\/em><\/strong><strong><em>della Ruota <\/em><\/strong> riterr\u00e0, che nel gruppo i Fratelli siano equidistanti tra loro, comincer\u00e0 a <strong><em>costruire la circonferenza <\/em><\/strong><strong><em>forzando i raggi a riconoscersi e a congiungersi tra loro, <\/em><\/strong> alla propria destra come alla propria sinistra.<\/p>\n<p>Mentre la prima fase dell&#8217;opera, sar\u00e0 facilitata dalla costruzione di <strong><em>Ponti personali <\/em><\/strong> tra il mozzo e la periferia come raggi d&#8217;una ruota in cui interagiscono intimit\u00e0 e rapporto personalizzato sia nei contenuti che nel linguaggio, nella fase seguente s&#8217;incontreranno delle difficolt\u00e0 e dei pericoli.<\/p>\n<p><strong><em>Pericoli: <\/em><\/strong>un Fr. dotato di carisma, cosciente delle proprie capacit\u00e0 e dotato dell&#8217;eloquenza derivantegli da pi\u00f9 vasta esperienza e conoscenza, potrebbe, e a questo deve porre la sua pi\u00f9 grande attenzione, affabulare il Fr <em>. <\/em> pi\u00f9 giovane ed inesperto sino ad indurre in lui un transfert emotivo tale, che se non troncato con risolutezza dall&#8217;istruttore, potrebbe condurre ad uno stato di sudditanza psicologica che impedirebbe pericolosamente qualsivoglia possibilit\u00e0 di crescita, avanzamento e di libero pensiero di scelta e di critica.<\/p>\n<p><strong><em>L&#8217;istruttore non deve mai compiacersi per la simpatia n\u00e9 per l&#8217;attenzione che riscuote tra i FF. <\/em><\/strong><\/p>\n<p>Altrettanto pericoloso \u00e8 il non riconoscere immediatamente, nel pi\u00f9 giovane Fratello, la possibilit\u00e0 d&#8217;una reazione gelosa ed aggressiva all&#8217;apparire nel territorio che credeva possedere in esclusiva, l&#8217;attenzione del Fratello pi\u00f9 anziano, d&#8217;un nuovo arrivato per lui non fratello, ma semplice estraneo.<\/p>\n<p>Questa difficolt\u00e0, v\u00e0 affrontata all&#8217;inizio della costruzione d&#8217;una Catena, quando i componenti non riconoscendosi veramente, non sanno, n\u00e9 possono, cooperare tra loro; cessa con la costruzione della circonferenza.<\/p>\n<p>La responsabilizzazione d&#8217;ogni componente la Catena \u00e8 indispensabile per interagire sulla Circonferenza, colui che siede al centro non pu\u00f2 n\u00e9 deve tentare d&#8217;agire su di essa se non tramite l&#8217;asserzione degli stessi Fratelli che la compongono (Giustizia) e mai per motivi personali, a meno che non sia un contro-iniziatore od un Operatore nero.<\/p>\n<p>Quando la Circonferenza formata dal Ponte tra anello ed anello, da Fratello a Fratello sar\u00e0 costituita, <strong><em> colui che occupa il Centro della Ruota lascer\u00e0 quel posto all&#8217;Eggregore e, ritirandosi andr\u00e0 ad integrarsi con la Circonferenza. <\/em><\/strong><\/p>\n<p><strong><em>La Catena \u00e8 compiuta e sorge una Loggia giusta e perfetta, pronta a continuare l&#8217;Opera in un orizzonte pi\u00f9 vasto. <\/em><\/strong><\/p>\n<p>In una Catena cos\u00ec concepita ed eseguita, ritroveremo l&#8217;occulto significato dei Nodi attraverso i quali fluisce energia qualificata dell&#8217;Eggregore dell&#8217;Ordine nell&#8217;Opera dei Costruttori.<\/p>\n<p>E ad aumentare la forza di questa unione, <strong><em>chi sa<\/em><\/strong>, pu\u00f2 far <strong><em>fluire la Parola<\/em><\/strong>, che dev&#8217;essere Dinamica (centrifuga) verso il lato destro e Magnetica (centripeta) verso il lato sinistro.<\/p>\n<p>I Centri di ogni singola Ruota, formano la Circonferenza d&#8217;una Ruota pi\u00f9 grande e quest&#8217;altra d&#8217;una pi\u00f9 grande ancora.<\/p>\n<p><em>Anche su questa consapevolezza e nel volerla vivere realmente, sta l&#8217;ottenere l&#8217;ingresso nella Catena Fraterna della Massoneria Universale. Rammenta che, tu puoi non vedere cose, che altri vedono e sentono. Non ingannarti, non esiste altro Sentiero. <\/em><\/p>\n<p><em>Decidi in libera coscienza cosa vuoi diventare e diventalo. <\/em><\/p>\n<p><em>Decidi in libera coscienza cosa vuoi fare e fallo. <\/em><\/p>\n<p><em>A quel punto combatti sino all&#8217;ultimo, anche con la spada. Ma non impegnarti, se prima non sai cosa vuoi essere e come puoi diventarlo. <\/em><\/p>\n<p align=\"center\"><img decoding=\"async\" src=\"data:image\/svg+xml,%3Csvg%20xmlns='http:\/\/www.w3.org\/2000\/svg'%20viewBox='0%200%20370%20442'%3E%3C\/svg%3E\" class=\"zeen-lazy-load-base zeen-lazy-load\" data-lazy-src=\"..\/img_art\/catena_d'unione2.gif\" width=\"370\" height=\"442\" \/><noscript><img decoding=\"async\" src=\"..\/img_art\/catena_d'unione2.gif\" width=\"370\" height=\"442\" \/><\/noscript><\/p>\n<h4><a name=\"p3\"><\/a>La Catena d&#8217;Unione, simbolo universale e segno di scienza<\/h4>\n<p>Al Fratello introdotto alla Massoneria Iniziatica col grado d&#8217;Apprendista, viene mostrato il primo Simbolo della Catena Universale.<\/p>\n<p>Noi considereremo del simbolo solo quanto ci potr\u00e0 essere utile ad ampliare i concetti precedenti, ma senza accedere veramente al terzo livello.<\/p>\n<p>La prima operazione sar\u00e0 quella di concentrarsi ad osservare per capire nelle illustrazioni i significati e le analogie tra il Simbolo della Catena, il metodo d&#8217;Unione nel Tempio Massonico delle Tre Luci ed in fine la Catena d&#8217;Unione composta in Tempio da tutti i Fratelli componenti la Loggia quale espressione d&#8217;energia \u00a0 + \u00a0 &#8211; \u00a0 e \u00a0 O.<\/p>\n<p align=\"center\"><img decoding=\"async\" src=\"data:image\/svg+xml,%3Csvg%20xmlns='http:\/\/www.w3.org\/2000\/svg'%20viewBox='0%200%20491%20464'%3E%3C\/svg%3E\" class=\"zeen-lazy-load-base zeen-lazy-load\" data-lazy-src=\"..\/img_art\/catena_d'unione3.gif\" width=\"491\" height=\"464\" \/><noscript><img decoding=\"async\" src=\"..\/img_art\/catena_d'unione3.gif\" width=\"491\" height=\"464\" \/><\/noscript><\/p>\n<p>Si dovrebbe prendere nota del mutamento dei valori energetici in ogni rappresentazione circolare, in cui sono presenti quattro fasi reali.<\/p>\n<p><em>Afferma Viktor Schauberger nell&#8217;esporre la sua teoria sull&#8217;implosione: Il segreto della vita \u00e8 nella dipolarit\u00e0, senza poli opposti, in natura non vi sarebbe attrazione n\u00e9 repulsione. <\/em><\/p>\n<p><em>Senza attrazione e repulsione non vi \u00e8 movimento e senza movimento non v&#8217;\u00e8 vita. <\/em><\/p>\n<p>Se ci limitassimo a considerare il Significato Esoterico di quanto esposto sin qui, ne risulterebbe forse, un senso di fascino e di mistero ma rimarremmo nell&#8217;ambito dell&#8217;inutilizzabile, dell&#8217;astratto per il Mondo esterno.<\/p>\n<table border=\"0\" width=\"100%\">\n<tbody>\n<tr>\n<td scope=\"col\" width=\"54%\">\n<p align=\"justify\">Sar\u00e0 bene per noi cominciare ad unire, attraverso il ponte della nostra mente i significati esoterici a quelli scientifici, ritrovando cos\u00ec per ambedue una rappresentazione comune.<\/p>\n<p align=\"justify\">Sappiamo perch\u00e8 ripetuto innumerevoli volte, che il Tempio \u00e8 la rappresentazione stessa del Logos Planetario.<\/p>\n<p align=\"justify\">Allora perch\u00e8 molti stentano a comprendere che quanto avviene al suo interno, attraverso gli uomini che vi operano ha una controparte di significato che travalica il senso stesso del Rituale per rendersi simile alla realt\u00e0 del Pianeta quale Entit\u00e0 vivente?<\/p>\n<\/td>\n<td scope=\"col\" width=\"46%\">\n<p align=\"center\"><img decoding=\"async\" src=\"data:image\/svg+xml,%3Csvg%20xmlns='http:\/\/www.w3.org\/2000\/svg'%20viewBox='0%200%20329%20312'%3E%3C\/svg%3E\" class=\"zeen-lazy-load-base zeen-lazy-load\" data-lazy-src=\"..\/img_art\/pianeta_terra.gif\" width=\"329\" height=\"312\" \/><noscript><img decoding=\"async\" src=\"..\/img_art\/pianeta_terra.gif\" width=\"329\" height=\"312\" \/><\/noscript><\/p>\n<\/td>\n<\/tr>\n<\/tbody>\n<\/table>\n<p>Terminiamo la breve visitazione di questo argomento, con il considerare in tutta semplicit\u00e0 come la Catena d&#8217;Unione dei Fratelli, nel Tempio che rappresenta il Pianeta, abbia delle innegabili analogie con alcune conclusioni della scienza moderna sull&#8217;argomento energia.<\/p>\n<p>Vi invito a riflettere sul disegno proposto di seguito.<\/p>\n<p align=\"center\"><img decoding=\"async\" src=\"data:image\/svg+xml,%3Csvg%20xmlns='http:\/\/www.w3.org\/2000\/svg'%20viewBox='0%200%20550%20240'%3E%3C\/svg%3E\" class=\"zeen-lazy-load-base zeen-lazy-load\" data-lazy-src=\"..\/img_art\/fascia_antigravitazionale.gif\" width=\"550\" height=\"240\" \/><noscript><img decoding=\"async\" src=\"..\/img_art\/fascia_antigravitazionale.gif\" width=\"550\" height=\"240\" \/><\/noscript><\/p>\n<p>Riproduce fedelmente lo studio compiuto per la NASA dagli scienziati statunitensi, Becker ed Hagens, sulla <em>&#8220;<strong>fascia<\/strong>&#8220;<\/em> magnetica antigravitazionale presente nella griglia energetica del pianeta Terra. Ma non penetriamo oltre nell&#8217;idea.<\/p>\n<p>Per ora riteniamoci soddisfatti se avremo saputo trovare <strong><em>il punto <\/em><\/strong><strong><em>d&#8217;unione <\/em><\/strong> tra l&#8217;esoterico, il simbolico e lo scientifico.<\/p>\n<p align=\"center\"><img decoding=\"async\" src=\"data:image\/svg+xml,%3Csvg%20xmlns='http:\/\/www.w3.org\/2000\/svg'%20viewBox='0%200%20359%20361'%3E%3C\/svg%3E\" class=\"zeen-lazy-load-base zeen-lazy-load\" data-lazy-src=\"..\/img_art\/griglia_palanetaria.jpg\" width=\"359\" height=\"361\" \/><noscript><img decoding=\"async\" src=\"..\/img_art\/griglia_palanetaria.jpg\" width=\"359\" height=\"361\" \/><\/noscript><\/p>\n<p>Questo ci permetter\u00e0 di guardare ai prossimi argomenti con una visione della mente, sempre meno profana, sempre pi\u00f9 vasta e pi\u00f9 chiara, sino a sviluppare ognuno di noi una propria analisi e svilupparla in piena libert\u00e0.<\/p>\n<p><strong><em>La libert\u00e0 di pensiero si raggiunge solo dopo aver conosciuto e sapendo. <\/em><\/strong><\/p>\n<p align=\"center\"><img decoding=\"async\" src=\"data:image\/svg+xml,%3Csvg%20xmlns='http:\/\/www.w3.org\/2000\/svg'%20viewBox='0%200%20300%20378'%3E%3C\/svg%3E\" class=\"zeen-lazy-load-base zeen-lazy-load\" data-lazy-src=\"..\/img_art\/albero_del_mondo.jpg\" width=\"300\" height=\"378\" \/><noscript><img decoding=\"async\" src=\"..\/img_art\/albero_del_mondo.jpg\" width=\"300\" height=\"378\" \/><\/noscript> <img decoding=\"async\" src=\"data:image\/svg+xml,%3Csvg%20xmlns='http:\/\/www.w3.org\/2000\/svg'%20viewBox='0%200%2015%2015'%3E%3C\/svg%3E\" class=\"zeen-lazy-load-base zeen-lazy-load\" data-lazy-src=\"..\/img_art\/fine_testo.gif\" width=\"15\" height=\"15\" \/><noscript><img decoding=\"async\" src=\"..\/img_art\/fine_testo.gif\" width=\"15\" height=\"15\" \/><\/noscript><\/p>\n<p align=\"center\"><a href=\"#su\"><img decoding=\"async\" src=\"data:image\/svg+xml,%3Csvg%20xmlns='http:\/\/www.w3.org\/2000\/svg'%20viewBox='0%200%2044%2070'%3E%3C\/svg%3E\" class=\"zeen-lazy-load-base zeen-lazy-load\" data-lazy-src=\"..\/img_art\/Uovo_min.jpg\" alt=\"torna su\" width=\"44\" height=\"70\" border=\"0\" \/><noscript><img decoding=\"async\" src=\"..\/img_art\/Uovo_min.jpg\" alt=\"torna su\" width=\"44\" height=\"70\" border=\"0\" \/><\/noscript><\/a><\/p>\n<\/div>\n<\/td>\n<\/tr>\n<\/tbody>\n<\/table>\n","protected":false},"excerpt":{"rendered":"<p>La Catena d&#8217;Unione &#8211; Metodo per la costruzione d&#8217;una Catena di Unione &#8211; La Catena d&#8217;Unione, simbolo universale e segno di scienza La Catena d&#8217;Unione non pu\u00f2 essere che Universale, ed \u00e8 costituita da fattori che non sono certo la mera presenza fisica o &#8220;politica&#8221; del massone. Accettando l&#8217;assunto della realt\u00e0 Universale della Catena, potremo indicare come anelli le Comunioni che la compongono anche se spesso spezzati dagli interessi profani ed anti-iniziatici di vertici inadeguati ai propri doveri ed inadeguati [&hellip;]<\/p>\n","protected":false},"author":1,"featured_media":6543,"comment_status":"open","ping_status":"open","sticky":false,"template":"","format":"standard","meta":{"wds_primary_category":0,"footnotes":""},"categories":[42],"tags":[45],"class_list":["post-1461","post","type-post","status-publish","format-standard","has-post-thumbnail","hentry","category-massoneria","tag-imago-templi"],"_links":{"self":[{"href":"https:\/\/www.esonet.it\/index.php?rest_route=\/wp\/v2\/posts\/1461","targetHints":{"allow":["GET"]}}],"collection":[{"href":"https:\/\/www.esonet.it\/index.php?rest_route=\/wp\/v2\/posts"}],"about":[{"href":"https:\/\/www.esonet.it\/index.php?rest_route=\/wp\/v2\/types\/post"}],"author":[{"embeddable":true,"href":"https:\/\/www.esonet.it\/index.php?rest_route=\/wp\/v2\/users\/1"}],"replies":[{"embeddable":true,"href":"https:\/\/www.esonet.it\/index.php?rest_route=%2Fwp%2Fv2%2Fcomments&post=1461"}],"version-history":[{"count":3,"href":"https:\/\/www.esonet.it\/index.php?rest_route=\/wp\/v2\/posts\/1461\/revisions"}],"predecessor-version":[{"id":10563,"href":"https:\/\/www.esonet.it\/index.php?rest_route=\/wp\/v2\/posts\/1461\/revisions\/10563"}],"wp:featuredmedia":[{"embeddable":true,"href":"https:\/\/www.esonet.it\/index.php?rest_route=\/wp\/v2\/media\/6543"}],"wp:attachment":[{"href":"https:\/\/www.esonet.it\/index.php?rest_route=%2Fwp%2Fv2%2Fmedia&parent=1461"}],"wp:term":[{"taxonomy":"category","embeddable":true,"href":"https:\/\/www.esonet.it\/index.php?rest_route=%2Fwp%2Fv2%2Fcategories&post=1461"},{"taxonomy":"post_tag","embeddable":true,"href":"https:\/\/www.esonet.it\/index.php?rest_route=%2Fwp%2Fv2%2Ftags&post=1461"}],"curies":[{"name":"wp","href":"https:\/\/api.w.org\/{rel}","templated":true}]}}