{"id":1508,"date":"2008-10-27T11:06:19","date_gmt":"2008-10-27T10:06:19","guid":{"rendered":"http:\/\/www.esonet.it\/?p=1508"},"modified":"2023-09-18T17:59:35","modified_gmt":"2023-09-18T15:59:35","slug":"non-ce-pensiero-senza-conseguenze","status":"publish","type":"post","link":"https:\/\/www.esonet.it\/?p=1508","title":{"rendered":"Non c&#8217;\u00e8 pensiero senza conseguenze"},"content":{"rendered":"<p><a href=\"https:\/\/www.esonet.it\/?cat=46\"><img decoding=\"async\" src=\"data:image\/svg+xml,%3Csvg%20xmlns='http:\/\/www.w3.org\/2000\/svg'%20viewBox='0%200%20370%20247'%3E%3C\/svg%3E\" class=\"zeen-lazy-load-base zeen-lazy-load alignright\" title=\"Agni Yoga\" data-lazy-src=\"images\/topics\/AgniYoga3.jpg\" alt=\"Agni Yoga\" align=\"right\" border=\"0\" \/><noscript><img decoding=\"async\" class=\"alignright\" title=\"Agni Yoga\" src=\"images\/topics\/AgniYoga3.jpg\" alt=\"Agni Yoga\" align=\"right\" border=\"0\" \/><\/noscript><\/a>Il pensiero \u00e8 un ente spaziale. Molto si parla delle forme pensiero, ma poco degli effetti del pensiero, e in modo superficiale, eppure sono proprio le sue conseguenze che gravemente incidono nell&#8217;ambiente.<\/p>\n<table border=\"0\" width=\"100%\">\n<tbody>\n<tr>\n<td scope=\"col\">\n<div align=\"center\">\n<h3 align=\"justify\"><a name=\"su\"><\/a> Non c&#8217;\u00e8 pensiero senza conseguenze<\/h3>\n<p align=\"justify\">a cura di Adriano Nardi<\/p>\n<\/div>\n<\/td>\n<\/tr>\n<tr>\n<td scope=\"row\">\n<div align=\"justify\">\n<table border=\"0\" width=\"100%\">\n<tbody>\n<tr>\n<td scope=\"col\" width=\"50%\">\n<div align=\"justify\">\n<p><img decoding=\"async\" src=\"data:image\/svg+xml,%3Csvg%20xmlns='http:\/\/www.w3.org\/2000\/svg'%20viewBox='0%200%20348%20235'%3E%3C\/svg%3E\" class=\"zeen-lazy-load-base zeen-lazy-load\" data-lazy-src=\"..\/img_art\/Himalayas14.jpg\" width=\"348\" height=\"235\" \/><noscript><img decoding=\"async\" src=\"..\/img_art\/Himalayas14.jpg\" width=\"348\" height=\"235\" \/><\/noscript><\/p>\n<\/div>\n<\/td>\n<td scope=\"col\" valign=\"bottom\" width=\"50%\">\n<div align=\"justify\">\n<p>Il pensiero \u00e8 un ente spaziale. Molto si parla delle forme pensiero, ma poco degli effetti del pensiero, e in modo superficiale, eppure sono proprio le sue conseguenze che gravemente incidono nell&#8217;ambiente. Il suono reagisce sugli oggetti pi\u00f9 disparati, ma la reazione del pensiero \u00e8 altrettanto sottile.<\/p>\n<p>Chi indulge a compatire se stesso pu\u00f2 impoverire, o, se \u00e8 iracondo, pu\u00f2 essere seriamente incriminato. Vari sono gli effetti dei pensieri vaganti.<\/p>\n<\/div>\n<\/td>\n<\/tr>\n<\/tbody>\n<\/table>\n<p>Ricordate che non c&#8217;\u00e8 pensiero senza conseguenze: pu\u00f2 agire su persone lontane, ma in queste la palla del destino trova chi l&#8217;ha messa in moto. Non sono possibili errori in questo, ma il disegno dei voli del pensiero \u00e8 molto complesso! Bisogna osservarne le conseguenze quanto pi\u00f9 attentamente possibile.<\/p>\n<p>Altro malinteso: per ignoranza, o per giustificarsi, gli uomini sono soliti ritenere che il pensiero sia insignificante e senza effetti, mentre, al contrario, ha un grande potenziale, e trascende, tempo e distanze.<\/p>\n<p>Ma chi pensa in maniera caotica, proprio come chi avanza a tentoni nel buio, non vede ci\u00f2 che tocca. Inoltre, il pensiero si ammassa nello spazio. Ci si pu\u00f2 immaginare un coro poderoso di pensieri armonici, cos\u00ec come uno stormo gracidante di nere cornacchie. Simili congreghe sono numerose nello spazio e disturbano i mondi superiori.<\/p>\n<p>Voi che pensate come cornacchie, anche voi siete responsabili della qualit\u00e0 del vostro pensiero: anche voi create il vostro futuro.<\/p>\n<p>Non c&#8217;\u00e8 maniera per evadere dalle proprie responsabilit\u00e0. Anche il minimo fra i pensieri entra nel megafono dello spazio e attrae a s\u00e9 un&#8217;identica genia di locuste, causa della fumosa atmosfera che circonda la Terra.<\/p>\n<p>Il pensiero pu\u00f2 purificare, poich\u00e9 distrugge i microbi della decomposizione, ma \u00e8 altrettanto capace di attirare elementi violenti. Non senza ragione gli oscuri si servono di uomini di bassa levatura per le loro macchinazioni.<\/p>\n<p>Sovente voi ripetete questa parola: Cultura, che \u00e8 il culto della Luce. Vi esorto a pensare quale grande responsabilit\u00e0 incombe su ciascuno davanti alla Luce, dal momento che ogni singolo pensiero oscura o rischiara lo spazio. Ricordatelo.<\/p>\n<p align=\"right\">da <em>Gerarchia<\/em> <img decoding=\"async\" src=\"data:image\/svg+xml,%3Csvg%20xmlns='http:\/\/www.w3.org\/2000\/svg'%20viewBox='0%200%2042%2033'%3E%3C\/svg%3E\" class=\"zeen-lazy-load-base zeen-lazy-load\" data-lazy-src=\"..\/img_art\/Peace.gif\" width=\"42\" height=\"33\" \/><noscript><img decoding=\"async\" src=\"..\/img_art\/Peace.gif\" width=\"42\" height=\"33\" \/><\/noscript><\/p>\n<p align=\"center\"><a href=\"#su\"><img decoding=\"async\" src=\"data:image\/svg+xml,%3Csvg%20xmlns='http:\/\/www.w3.org\/2000\/svg'%20viewBox='0%200%2044%2070'%3E%3C\/svg%3E\" class=\"zeen-lazy-load-base zeen-lazy-load\" data-lazy-src=\"..\/img_art\/Uovo_min.jpg\" alt=\"torna su\" width=\"44\" height=\"70\" border=\"0\" \/><noscript><img decoding=\"async\" src=\"..\/img_art\/Uovo_min.jpg\" alt=\"torna su\" width=\"44\" height=\"70\" border=\"0\" \/><\/noscript><\/a><\/p>\n<\/div>\n<\/td>\n<\/tr>\n<\/tbody>\n<\/table>\n","protected":false},"excerpt":{"rendered":"<p>Il pensiero \u00e8 un ente spaziale. Molto si parla delle forme pensiero, ma poco degli effetti del pensiero, e in modo superficiale, eppure sono proprio le sue conseguenze che gravemente incidono nell&#8217;ambiente. Non c&#8217;\u00e8 pensiero senza conseguenze a cura di Adriano Nardi Il pensiero \u00e8 un ente spaziale. Molto si parla delle forme pensiero, ma poco degli effetti del pensiero, e in modo superficiale, eppure sono proprio le sue conseguenze che gravemente incidono nell&#8217;ambiente. Il suono reagisce sugli oggetti pi\u00f9 [&hellip;]<\/p>\n","protected":false},"author":1,"featured_media":6893,"comment_status":"open","ping_status":"open","sticky":false,"template":"","format":"standard","meta":{"wds_primary_category":0,"footnotes":""},"categories":[46],"tags":[47],"class_list":["post-1508","post","type-post","status-publish","format-standard","has-post-thumbnail","hentry","category-agni-yoga","tag-aforismi-agni-yoga"],"_links":{"self":[{"href":"https:\/\/www.esonet.it\/index.php?rest_route=\/wp\/v2\/posts\/1508","targetHints":{"allow":["GET"]}}],"collection":[{"href":"https:\/\/www.esonet.it\/index.php?rest_route=\/wp\/v2\/posts"}],"about":[{"href":"https:\/\/www.esonet.it\/index.php?rest_route=\/wp\/v2\/types\/post"}],"author":[{"embeddable":true,"href":"https:\/\/www.esonet.it\/index.php?rest_route=\/wp\/v2\/users\/1"}],"replies":[{"embeddable":true,"href":"https:\/\/www.esonet.it\/index.php?rest_route=%2Fwp%2Fv2%2Fcomments&post=1508"}],"version-history":[{"count":2,"href":"https:\/\/www.esonet.it\/index.php?rest_route=\/wp\/v2\/posts\/1508\/revisions"}],"predecessor-version":[{"id":9474,"href":"https:\/\/www.esonet.it\/index.php?rest_route=\/wp\/v2\/posts\/1508\/revisions\/9474"}],"wp:featuredmedia":[{"embeddable":true,"href":"https:\/\/www.esonet.it\/index.php?rest_route=\/wp\/v2\/media\/6893"}],"wp:attachment":[{"href":"https:\/\/www.esonet.it\/index.php?rest_route=%2Fwp%2Fv2%2Fmedia&parent=1508"}],"wp:term":[{"taxonomy":"category","embeddable":true,"href":"https:\/\/www.esonet.it\/index.php?rest_route=%2Fwp%2Fv2%2Fcategories&post=1508"},{"taxonomy":"post_tag","embeddable":true,"href":"https:\/\/www.esonet.it\/index.php?rest_route=%2Fwp%2Fv2%2Ftags&post=1508"}],"curies":[{"name":"wp","href":"https:\/\/api.w.org\/{rel}","templated":true}]}}