{"id":1652,"date":"2007-12-29T15:42:19","date_gmt":"2007-12-29T14:42:19","guid":{"rendered":"http:\/\/www.esonet.it\/?p=1652"},"modified":"2023-11-04T10:41:38","modified_gmt":"2023-11-04T09:41:38","slug":"scheda-21-il-copritore-interno-sotto-linflusso-della-bilancia","status":"publish","type":"post","link":"https:\/\/www.esonet.it\/?p=1652","title":{"rendered":"Scheda 21 \/ Il Copritore Interno sotto l&#8217;influsso della bilancia"},"content":{"rendered":"<p><a href=\"https:\/\/www.esonet.it\/?cat=42\"><img decoding=\"async\" src=\"data:image\/svg+xml,%3Csvg%20xmlns='http:\/\/www.w3.org\/2000\/svg'%20viewBox='0%200%20370%20247'%3E%3C\/svg%3E\" class=\"zeen-lazy-load-base zeen-lazy-load alignright\" title=\"Massoneria\" data-lazy-src=\"images\/topics\/Massoneria1.jpg\" alt=\"Massoneria\" align=\"right\" border=\"0\" \/><noscript><img decoding=\"async\" class=\"alignright\" title=\"Massoneria\" src=\"images\/topics\/Massoneria1.jpg\" alt=\"Massoneria\" align=\"right\" border=\"0\" \/><\/noscript><\/a>Il Copritore Interno siede ad Ovest, all&#8217;ingresso del Tempio, tra le due colonne, di fronte al Maestro Venerabile ed ha alle spalle il simbolo astrologico della Bilancia. Egli si trova sull&#8217;asse equinoziale della Loggia in opposizione al Maestro Venerabile, ed \u00e8 il suo \u201cspecchio\u201d; sta, insieme al Maestro Venerabile, sulla terza colonna, quella centrale e non visibile.<\/p>\n<table border=\"0\" width=\"100%\">\n<tbody>\n<tr>\n<td scope=\"col\">\n<div align=\"center\">\n<h3 align=\"left\"><a name=\"su\"><\/a>Scheda 21 \/ Il Copritore Interno sotto l&#8217;influsso della bilancia<\/h3>\n<p align=\"left\">di Marco Macr\u00ec<\/p>\n<\/div>\n<\/td>\n<\/tr>\n<tr>\n<td scope=\"row\">\n<div align=\"justify\">\n<table border=\"0\" width=\"100%\">\n<tbody>\n<tr>\n<td scope=\"col\" width=\"29%\">\n<p align=\"justify\"><img decoding=\"async\" src=\"data:image\/svg+xml,%3Csvg%20xmlns='http:\/\/www.w3.org\/2000\/svg'%20viewBox='0%200%20237%20352'%3E%3C\/svg%3E\" class=\"zeen-lazy-load-base zeen-lazy-load\" data-lazy-src=\"..\/img_art\/scheda21.jpg\" width=\"237\" height=\"352\" \/><noscript><img decoding=\"async\" src=\"..\/img_art\/scheda21.jpg\" width=\"237\" height=\"352\" \/><\/noscript><\/p>\n<\/td>\n<td scope=\"col\" width=\"71%\">\n<p align=\"justify\">Il Copritore Interno siede ad Ovest, all&#8217;ingresso del Tempio, tra le due colonne, di fronte al Maestro Venerabile ed ha alle spalle il simbolo astrologico della Bilancia. Egli si trova sull&#8217;asse equinoziale della Loggia in opposizione al Maestro Venerabile, ed \u00e8 il suo \u201cspecchio\u201d; sta, insieme al Maestro Venerabile, sulla terza colonna, quella centrale e non visibile.<\/p>\n<p align=\"justify\">Il Copritore Interno insieme all&#8217;Oratore (Gemelli) ed al Segretario (Acquario) costituiscono il triangolo d&#8217;Aria.<\/p>\n<p align=\"justify\">Egli ha il compito di sorvegliare il livello qualitativo dei lavori durante le Tornate Rituali.<\/p>\n<p align=\"justify\">\u00c8 il coperchio dell&#8217;Athanor e nella mano sinistra stringe una spada (nella destra per altre obbedienze) per proteggere il Tempio dall&#8217;ingresso dei Profani e per impedire l&#8217;ingresso a quei Massoni con abbigliamento non conforme a quanto prescritto dai regolamenti. Egli si accerta che non vi siano visitatori nella sala dei passi perduti e, in presenza di essi, ne da avvertimento al 1\u00b0 Sorvegliante.<\/p>\n<\/td>\n<\/tr>\n<\/tbody>\n<\/table>\n<p>Il Copritore Interno chiude a chiave la porta del Tempio durante i Lavori Rituali.<\/p>\n<p><em>Coprire il Tempio<\/em>, in Massoneria, sta a significare l&#8217;uscita dallo stesso. \u00c8 il Guardiano della Soglia tra il mondo sacralizzato del Tempio ed il mondo profano, il Giano Bifronte dell&#8217;antica Roma con uno sguardo all&#8217;interno ed uno all&#8217;esterno.<\/p>\n<p>Giano era il Dio degli inizi ed aveva due teste fuse alla nuca ed orientate in direzione opposta. Era il simbolo dell&#8217;entrata e dell&#8217;uscita, era il guardiano nell&#8217;antica Roma; tutte le porte erano a lui sacre. Le spedizioni militari partivano dal Tempio di Giano, al Foro Romano, e le sue porte restavano aperte in tempo di guerra; quando le porte erano chiuse significava che a Roma si aveva un periodo di pace. Giano Bifronte era anche, nell&#8217;antica Roma, il guardiano della porta di casa. Giano \u00e8 un simbolo duale e sta, anche, a significare che tutte le cose si muovono in cerchio partendo da un punto per poi ritornare ad esso, cos\u00ec come l&#8217;uroboros (un serpente che si morde la coda in modo da formare un cerchio); \u00e8 lo yin e lo yang del mondo romano antico.<\/p>\n<p>Di solito la carica di Copritore Interno \u00e8 affidata all&#8217;ex Maestro Venerabile. Al collo ha, come gioiello appeso al collare di dignitario, una spada con la lama in gi\u00f9. All&#8217;esterno del Tempio esiste, anche, un Copritore Esterno come doppia protezione allo stesso.<\/p>\n<p>La Bilancia, Settima Fatica d&#8217;Ercole, influenza il Copritore Interno. Tale segno zodiacale insieme ad Ariete, Cancro e Capricorno forma la Croce Cardinale; insieme ad Acquario e Gemelli (come gi\u00e0 detto) costituisce il triangolo d&#8217;Aria. La Bilancia, il simbolo pi\u00f9 armonioso dello zodiaco, \u00e8 sotto l&#8217;influsso di Venere ed ha Saturno che si esalta in esso.<\/p>\n<p>Esso infonde al Copritore Interno idealismo, percezione, fascino, armonia, equilibrio, razionalit\u00e0, senso di giustizia, e delicatezza.<\/p>\n<p>Motto della Bilancia \u00e8: \u201cIl superiore e l&#8217;inferiore si incontrano!\u201d <img decoding=\"async\" src=\"data:image\/svg+xml,%3Csvg%20xmlns='http:\/\/www.w3.org\/2000\/svg'%20viewBox='0%200%2015%2015'%3E%3C\/svg%3E\" class=\"zeen-lazy-load-base zeen-lazy-load\" data-lazy-src=\"..\/img_art\/fine_testo.gif\" width=\"15\" height=\"15\" \/><noscript><img decoding=\"async\" src=\"..\/img_art\/fine_testo.gif\" width=\"15\" height=\"15\" \/><\/noscript><\/p>\n<p align=\"center\"><a href=\"#su\"><img decoding=\"async\" src=\"data:image\/svg+xml,%3Csvg%20xmlns='http:\/\/www.w3.org\/2000\/svg'%20viewBox='0%200%2044%2070'%3E%3C\/svg%3E\" class=\"zeen-lazy-load-base zeen-lazy-load\" data-lazy-src=\"..\/img_art\/Uovo_min.jpg\" alt=\"torna su\" width=\"44\" height=\"70\" border=\"0\" \/><noscript><img decoding=\"async\" src=\"..\/img_art\/Uovo_min.jpg\" alt=\"torna su\" width=\"44\" height=\"70\" border=\"0\" \/><\/noscript><\/a><\/p>\n<\/div>\n<\/td>\n<\/tr>\n<\/tbody>\n<\/table>\n","protected":false},"excerpt":{"rendered":"<p>Il Copritore Interno siede ad Ovest, all&#8217;ingresso del Tempio, tra le due colonne, di fronte al Maestro Venerabile ed ha alle spalle il simbolo astrologico della Bilancia. Egli si trova sull&#8217;asse equinoziale della Loggia in opposizione al Maestro Venerabile, ed \u00e8 il suo \u201cspecchio\u201d; sta, insieme al Maestro Venerabile, sulla terza colonna, quella centrale e non visibile. Scheda 21 \/ Il Copritore Interno sotto l&#8217;influsso della bilancia di Marco Macr\u00ec Il Copritore Interno siede ad Ovest, all&#8217;ingresso del Tempio, tra [&hellip;]<\/p>\n","protected":false},"author":1,"featured_media":6245,"comment_status":"open","ping_status":"open","sticky":false,"template":"","format":"standard","meta":{"wds_primary_category":0,"footnotes":""},"categories":[42],"tags":[92],"class_list":["post-1652","post","type-post","status-publish","format-standard","has-post-thumbnail","hentry","category-massoneria","tag-schede-massoniche"],"_links":{"self":[{"href":"https:\/\/www.esonet.it\/index.php?rest_route=\/wp\/v2\/posts\/1652","targetHints":{"allow":["GET"]}}],"collection":[{"href":"https:\/\/www.esonet.it\/index.php?rest_route=\/wp\/v2\/posts"}],"about":[{"href":"https:\/\/www.esonet.it\/index.php?rest_route=\/wp\/v2\/types\/post"}],"author":[{"embeddable":true,"href":"https:\/\/www.esonet.it\/index.php?rest_route=\/wp\/v2\/users\/1"}],"replies":[{"embeddable":true,"href":"https:\/\/www.esonet.it\/index.php?rest_route=%2Fwp%2Fv2%2Fcomments&post=1652"}],"version-history":[{"count":2,"href":"https:\/\/www.esonet.it\/index.php?rest_route=\/wp\/v2\/posts\/1652\/revisions"}],"predecessor-version":[{"id":10587,"href":"https:\/\/www.esonet.it\/index.php?rest_route=\/wp\/v2\/posts\/1652\/revisions\/10587"}],"wp:featuredmedia":[{"embeddable":true,"href":"https:\/\/www.esonet.it\/index.php?rest_route=\/wp\/v2\/media\/6245"}],"wp:attachment":[{"href":"https:\/\/www.esonet.it\/index.php?rest_route=%2Fwp%2Fv2%2Fmedia&parent=1652"}],"wp:term":[{"taxonomy":"category","embeddable":true,"href":"https:\/\/www.esonet.it\/index.php?rest_route=%2Fwp%2Fv2%2Fcategories&post=1652"},{"taxonomy":"post_tag","embeddable":true,"href":"https:\/\/www.esonet.it\/index.php?rest_route=%2Fwp%2Fv2%2Ftags&post=1652"}],"curies":[{"name":"wp","href":"https:\/\/api.w.org\/{rel}","templated":true}]}}