{"id":2050,"date":"2006-05-26T18:52:14","date_gmt":"2006-05-26T16:52:14","guid":{"rendered":"http:\/\/www.esonet.it\/?p=2050"},"modified":"2023-10-16T18:19:05","modified_gmt":"2023-10-16T16:19:05","slug":"le-metastasi-della-contro-iniziazione","status":"publish","type":"post","link":"https:\/\/www.esonet.it\/?p=2050","title":{"rendered":"Le metastasi della contro-iniziazione"},"content":{"rendered":"<p><a href=\"https:\/\/www.esonet.it\/?cat=43\"><img decoding=\"async\" src=\"data:image\/svg+xml,%3Csvg%20xmlns='http:\/\/www.w3.org\/2000\/svg'%20viewBox='0%200%20370%20247'%3E%3C\/svg%3E\" class=\"zeen-lazy-load-base zeen-lazy-load alignright\" title=\"Domande e Risposte\" data-lazy-src=\"images\/topics\/DomRisp1.jpg\" alt=\"Domande e Risposte\" align=\"right\" border=\"0\" \/><noscript><img decoding=\"async\" class=\"alignright\" title=\"Domande e Risposte\" src=\"images\/topics\/DomRisp1.jpg\" alt=\"Domande e Risposte\" align=\"right\" border=\"0\" \/><\/noscript><\/a>Il colore nero, il caos, la vita\u2026 \u00e8 dalla sua morte che ha inizio il cammino\u2026 Ma il nero non \u00e8 l\u2019inizio dell\u2019opera?<\/p>\n<table border=\"0\" width=\"100%\">\n<tbody>\n<tr>\n<td scope=\"col\">\n<div align=\"center\">\n<h3 align=\"left\"><a name=\"su\"><\/a>Le metastasi della contro-iniziazione<\/h3>\n<p align=\"left\">di Athos A. Altomonte<\/p>\n<\/div>\n<\/td>\n<\/tr>\n<tr>\n<td scope=\"row\">\n<div align=\"justify\">\n<p><span class=\"Stile1\"><strong>D<\/strong>:<\/span> <em>Il colore nero, il caos, la vita\u2026 \u00e8 dalla sua morte che ha inizio il cammino\u2026 Ma il nero non \u00e8 l&#8217;inizio dell&#8217;opera? G. <\/em><\/p>\n<p><strong>R<\/strong>: Ogni pensiero pu\u00f2 essere sviluppato secondo prospettive diverse, le cui gradazioni dipendono dalle scelte mentali che fa il costruttore (di idee). Ed ogni scelta porta in s\u00e9 &#8220;i segni&#8221; tanto delle sue capacit\u00e0, che dei suoi limiti. Cos\u00ec, ogni prospettiva finisce per essere un &#8220;certificato&#8221; delle capacit\u00e0 del pensatore, disegnando una &#8220;radiografia interiore&#8221; della sua identit\u00e0 mentale.<\/p>\n<p>Affermato il principio, passo alla mia scelta di evitare la linea dei simboli e delle metafore, per approcciare un altro sentiero. Quello di continuare il ragionamento cominciato da G., domandando: \u00abse \u00e8 dalla morte che nasce la vita, come pu\u00f2 essere che la morte sia &#8220;morta&#8221;?\u00bb. Dire che la morte \u00e8 la &#8220;fine di tutto&#8221;, la negazione assoluta, dal punto di vista iniziatico \u00e8 un controsenso, quanto lo \u00e8 affermare che il nero \u00e8 un non-colore. Credere che la &#8220;morte sia morte&#8221; ed il nero sia un &#8220;nulla cromatico&#8221;, \u00e8 un abbaglio della cultura profana, da cui quasi tutti dipendono. Ma un paradosso per un ambito che tratta argomenti metafisici. Scienza e coscienza non si possono toccare con mano. Nemmeno lo sviluppo della conoscenza iniziatica, o l&#8217;identit\u00e0 dell&#8217;anima!<\/p>\n<p>Allora, si dovranno trovare altrove le risposte al significato di morte, magari nella prospettiva che sia la culla della vita. Come in effetti \u00e8. I motivi della morte dovrebbero essere cercati nei canoni dell&#8217;insegnamento iniziatico, per\u00f2. E come si dovrebbero evitare le ipotesi positiviste, cos\u00ec, si dovrebbero evitare quelle dei sognatori, cio\u00e8, la cosiddetta cultura onirica dei miti e delle immaginazioni popolari. La scienza iniziatica \u00e8 scienza antica, non fantasia di culti exoterici nonch\u00e9 antropomorfi.<\/p>\n<p>Sarebbe corretto cercare i motivi della morte nelle ragioni della vita, visto che la morte \u00e8 vita e la vita \u00e8 morte: apparente!<\/p>\n<p>Opponendomi all&#8217;assurdo di credere che il <em>nero sia nulla <\/em> e la <em>morte sia uno stato senza vita<\/em>, volevo spingere il ragionamento oltre i simbolismi exoterici, che servono solo a mascherare l&#8217;assenza di risposte. Devitalizzare la voglia di risposte \u00e8 un antico vezzo delle religioni, che costituiscono un sistema chiuso fatto di carte ma non di luce, che forniscono risposte decotte e senza riscontro. Non \u00e8 questa la linea iniziatica, che usa la ricerca come accesso alla luce intellettuale (sviluppare mente e coscienza) e poi spirituale (sviluppare il cuore). Eccoci al fattore ricerca.<\/p>\n<p>\u00c8 un fatto che per alcuni l&#8217;esoterismo non \u00e8 una vocazione dell&#8217;intelletto, ma un passatempo per emergere dal grigiore di una vita, spezzando la solitudine buttando qualche nozione qua e l\u00e0. Ma la realt\u00e0 \u00e8 diversa.<\/p>\n<p>L&#8217;esoterista cerca risposte, corroborate da evidenze, scansando decisamente i mascheramenti exoterici. Perci\u00f2, la condizione ideale dell&#8217;esoterista \u00e8 quella del ri-<em>cercatore<\/em>. Mentre il compito dell&#8217;iniziato \u00e8 di fornire risposte &#8220;conclusive&#8221;. Purtroppo per noi, molti &#8220;esoteristi&#8221; non sono dei ricercatori, e molti &#8220;iniziati&#8221; senza risposte, vagheggiano di indistinte forme simboliche. Sorge, cos\u00ec, il sottobosco d&#8217;ignoranza da cui si diffondono le metastasi della contro-iniziazione. Il cui unico anticorpo \u00e8 la luce dell&#8217;intelligenza.<\/p>\n<p><strong><em>Senza ricerca non c&#8217;\u00e8 scoperta<\/em><\/strong>, insegna un Maestro. Senza una ricerca coerente, seria, e approfondita non c&#8217;\u00e8 <strong>Cult-ura <\/strong> (da Culto di Ur, il sole spirituale che ha sede nel plesso detto, appunto, solare). E senza cultura la coscienza si appiattisce sul &#8220;nozionismo del riporto&#8221;. Cio\u00e8, su quella tragica <strong><em>catena di s. antonio del &#8220;ho sentito dire&#8221; <\/em><\/strong> che spappola l&#8217;individualit\u00e0, privandola della facolt\u00e0 di discriminare.<\/p>\n<p>Prendere atto del problema \u00e8 un dovere per chi si professa &#8220;iniziato&#8221;. Reagire \u00e8 una speranza che in molti coltiviamo in solitudine. <img decoding=\"async\" src=\"data:image\/svg+xml,%3Csvg%20xmlns='http:\/\/www.w3.org\/2000\/svg'%20viewBox='0%200%2018%2018'%3E%3C\/svg%3E\" class=\"zeen-lazy-load-base zeen-lazy-load alignnone size-full wp-image-4295\" data-lazy-src=\"https:\/\/www.esonet.it\/wp-content\/uploads\/2023\/05\/fine_testo.gif\" alt=\"\" width=\"18\" height=\"18\" \/><noscript><img decoding=\"async\" class=\"alignnone size-full wp-image-4295\" src=\"https:\/\/www.esonet.it\/wp-content\/uploads\/2023\/05\/fine_testo.gif\" alt=\"\" width=\"18\" height=\"18\" \/><\/noscript><\/p>\n<p align=\"center\"><a href=\"#su\"><img decoding=\"async\" src=\"data:image\/svg+xml,%3Csvg%20xmlns='http:\/\/www.w3.org\/2000\/svg'%20viewBox='0%200%2044%2070'%3E%3C\/svg%3E\" class=\"zeen-lazy-load-base zeen-lazy-load\" data-lazy-src=\"..\/img_art\/Uovo_min.jpg\" alt=\"torna su\" width=\"44\" height=\"70\" border=\"0\" \/><noscript><img decoding=\"async\" src=\"..\/img_art\/Uovo_min.jpg\" alt=\"torna su\" width=\"44\" height=\"70\" border=\"0\" \/><\/noscript><\/a><\/p>\n<\/div>\n<\/td>\n<\/tr>\n<\/tbody>\n<\/table>\n","protected":false},"excerpt":{"rendered":"<p>Il colore nero, il caos, la vita\u2026 \u00e8 dalla sua morte che ha inizio il cammino\u2026 Ma il nero non \u00e8 l\u2019inizio dell\u2019opera? Le metastasi della contro-iniziazione di Athos A. Altomonte D: Il colore nero, il caos, la vita\u2026 \u00e8 dalla sua morte che ha inizio il cammino\u2026 Ma il nero non \u00e8 l&#8217;inizio dell&#8217;opera? G. R: Ogni pensiero pu\u00f2 essere sviluppato secondo prospettive diverse, le cui gradazioni dipendono dalle scelte mentali che fa il costruttore (di idee). Ed ogni [&hellip;]<\/p>\n","protected":false},"author":1,"featured_media":5173,"comment_status":"open","ping_status":"open","sticky":false,"template":"","format":"standard","meta":{"wds_primary_category":0,"footnotes":""},"categories":[43],"tags":[38],"class_list":["post-2050","post","type-post","status-publish","format-standard","has-post-thumbnail","hentry","category-domande-e-risposte","tag-educazione-esoterica"],"_links":{"self":[{"href":"https:\/\/www.esonet.it\/index.php?rest_route=\/wp\/v2\/posts\/2050","targetHints":{"allow":["GET"]}}],"collection":[{"href":"https:\/\/www.esonet.it\/index.php?rest_route=\/wp\/v2\/posts"}],"about":[{"href":"https:\/\/www.esonet.it\/index.php?rest_route=\/wp\/v2\/types\/post"}],"author":[{"embeddable":true,"href":"https:\/\/www.esonet.it\/index.php?rest_route=\/wp\/v2\/users\/1"}],"replies":[{"embeddable":true,"href":"https:\/\/www.esonet.it\/index.php?rest_route=%2Fwp%2Fv2%2Fcomments&post=2050"}],"version-history":[{"count":2,"href":"https:\/\/www.esonet.it\/index.php?rest_route=\/wp\/v2\/posts\/2050\/revisions"}],"predecessor-version":[{"id":10223,"href":"https:\/\/www.esonet.it\/index.php?rest_route=\/wp\/v2\/posts\/2050\/revisions\/10223"}],"wp:featuredmedia":[{"embeddable":true,"href":"https:\/\/www.esonet.it\/index.php?rest_route=\/wp\/v2\/media\/5173"}],"wp:attachment":[{"href":"https:\/\/www.esonet.it\/index.php?rest_route=%2Fwp%2Fv2%2Fmedia&parent=2050"}],"wp:term":[{"taxonomy":"category","embeddable":true,"href":"https:\/\/www.esonet.it\/index.php?rest_route=%2Fwp%2Fv2%2Fcategories&post=2050"},{"taxonomy":"post_tag","embeddable":true,"href":"https:\/\/www.esonet.it\/index.php?rest_route=%2Fwp%2Fv2%2Ftags&post=2050"}],"curies":[{"name":"wp","href":"https:\/\/api.w.org\/{rel}","templated":true}]}}