{"id":2155,"date":"2006-01-25T11:03:18","date_gmt":"2006-01-25T10:03:18","guid":{"rendered":"http:\/\/www.esonet.it\/?p=2155"},"modified":"2023-09-26T16:49:25","modified_gmt":"2023-09-26T14:49:25","slug":"integrazione-e-dis-integrazione-dal-gruppo-sociale","status":"publish","type":"post","link":"https:\/\/www.esonet.it\/?p=2155","title":{"rendered":"Integrazione e dis-integrazione dal gruppo sociale"},"content":{"rendered":"<p><a href=\"https:\/\/www.esonet.it\/?cat=57\"><img decoding=\"async\" src=\"data:image\/svg+xml,%3Csvg%20xmlns='http:\/\/www.w3.org\/2000\/svg'%20viewBox='0%200%20370%20247'%3E%3C\/svg%3E\" class=\"zeen-lazy-load-base zeen-lazy-load alignright\" title=\"Alchimia del Fuoco\" data-lazy-src=\"images\/topics\/AlchimiaFuoco.jpg\" alt=\"Alchimia del Fuoco\" align=\"right\" border=\"0\" \/><noscript><img decoding=\"async\" class=\"alignright\" title=\"Alchimia del Fuoco\" src=\"images\/topics\/AlchimiaFuoco.jpg\" alt=\"Alchimia del Fuoco\" align=\"right\" border=\"0\" \/><\/noscript><\/a>Dalla conoscenza alla liberazione mentale, fase 5<\/p>\n<p><strong>Integrazione e dis-integrazione dal gruppo sociale<\/strong><\/p>\n<p>Per lungo tempo l&#8217;uomo resta un animale sociale che propende alla remissivit\u00e0 ed al desiderio di compiacere i componenti del gruppo di appartenenza. Questo, favorisce l&#8217;assimilazione di modelli culturali, sociali ed ideologici senza il benefico filtro dell&#8217;analisi critica. Condizionamento e conformismo vengono dall&#8217;abitudine di imitare i criteri del gruppo, allo scopo di essere accettati dal branco-sociale.<\/p>\n<table border=\"0\" width=\"100%\">\n<tbody>\n<tr>\n<td scope=\"col\">\n<div align=\"center\">\n<h3 align=\"justify\"><em><a name=\"su\"><\/a> <\/em>Dalla conoscenza alla liberazione mentale, fase 5<\/h3>\n<p align=\"justify\">di Athos A. Altomonte<\/p>\n<p align=\"justify\">\n<\/div>\n<\/td>\n<\/tr>\n<tr>\n<td scope=\"row\">\n<div align=\"justify\">\n<h4>Integrazione e dis-integrazione dal gruppo sociale<\/h4>\n<p><img decoding=\"async\" src=\"data:image\/svg+xml,%3Csvg%20xmlns='http:\/\/www.w3.org\/2000\/svg'%20viewBox='0%200%20253%20403'%3E%3C\/svg%3E\" class=\"zeen-lazy-load-base zeen-lazy-load alignright\" data-lazy-src=\"..\/img_art\/Fase5.jpg\" width=\"253\" height=\"403\" \/><noscript><img decoding=\"async\" class=\"alignright\" src=\"..\/img_art\/Fase5.jpg\" width=\"253\" height=\"403\" \/><\/noscript><\/p>\n<\/div>\n<h5>L&#8217;integrazione<\/h5>\n<p>Per lungo tempo l&#8217;uomo resta un animale sociale che propende alla <strong>remissivit\u00e0 <\/strong> ed al <strong>desiderio di compiacere <\/strong> i componenti del gruppo di appartenenza. Questo, favorisce l&#8217;assimilazione di modelli culturali, sociali ed ideologici senza il benefico filtro dell&#8217;analisi critica. Condizionamento e conformismo vengono dall&#8217;abitudine di imitare i criteri del gruppo, allo scopo di essere accettati dal branco-sociale. L&#8217;integrazione coi i propri \u201cdissimili\u201d sembrerebbe un buon riparo dall&#8217;isolamento, ma di fatto imprigiona l&#8217;uomo uguale solo a se stesso, in schemi che non gli sono propri, rendendolo frustrato ed aggressivo.<\/p>\n<h5>La dis-integrazione<\/h5>\n<p>Quando l&#8217;Uomo diventa una individualit\u00e0 sociale, la <strong> critica<\/strong>, n\u00e9 petulante n\u00e9 ossessiva, si muove alla ricerca del vero e l&#8217;uomo propende al realismo Il realismo intellettuale (v. \u201c<a href=\"https:\/\/www.esonet.it\/?p=2179\">Realismo della Via Iniziatica<\/a>\u201d) \u00e8 l&#8217;evoluzione del criticismo di stampo emotivo, che diventa un valido scudo alle sudditanze psicologiche e genera un baricentro di giudizio autonomo e consapevole.<\/p>\n<div align=\"justify\">\n<p>La consapevolezza \u00e8 lo spazio silenzioso dove si affaccia la volont\u00e0: che non \u00e8 caparbiet\u00e0, n\u00e9 ostinazione, ma forza mentale. Quando la volont\u00e0 (*) si sposa all&#8217;intelligenza etica, diventa il grimaldello della dis-integrazione, che libera dagli antichi modelli, rompendo ogni sudditanza con la demagogia. La volont\u00e0 consapevole \u00e8 la giusta premessa al <strong>Libero Arbitrio<\/strong>, che significa una capacit\u00e0 di giudizio \u201clibera\u201d da ogni sudditanza emotiva.<\/p>\n<p>Disintegrarsi da un contesto minore non significa solitudine, ma la premessa per integrasi ad una voluta maggiore. <strong>Non \u00e8 possibile evolversi conservando vecchie abitudini o inadeguate frequentazioni<\/strong>. Rammenti questa regola chi vorrebbe mettersi in contatto con identit\u00e0 pi\u00f9 evolute.<\/p>\n<p>__________<\/p>\n<p>(*) <strong>Praticare la concentrazione<\/strong>, come visualizzare in profondit\u00e0 un concetto, rafforza la <strong>volont\u00e0<\/strong>, senza la quale la ragione fisica oltre un certo punto non avanza. \u00c8 con la volont\u00e0 mentale che si costruisce il collegamento tra la <em>coscienza ordinaria <\/em> (identit\u00e0 fisica) e quella <em>straordinaria <\/em>(identit\u00e0 sottile). Nulla sorge per caso, per cui bisogna apprendere ad usare la volont\u00e0 per risvegliare le capacit\u00e0 latenti, che pi\u00f9 o meno profondamente ogni essere umano possiede in se stesso. <img decoding=\"async\" src=\"data:image\/svg+xml,%3Csvg%20xmlns='http:\/\/www.w3.org\/2000\/svg'%20viewBox='0%200%2015%2015'%3E%3C\/svg%3E\" class=\"zeen-lazy-load-base zeen-lazy-load\" data-lazy-src=\"..\/img_art\/fine_testo.gif\" width=\"15\" height=\"15\" \/><noscript><img decoding=\"async\" src=\"..\/img_art\/fine_testo.gif\" width=\"15\" height=\"15\" \/><\/noscript><\/p>\n<p align=\"center\"><a href=\"#su\"><img decoding=\"async\" src=\"data:image\/svg+xml,%3Csvg%20xmlns='http:\/\/www.w3.org\/2000\/svg'%20viewBox='0%200%2044%2070'%3E%3C\/svg%3E\" class=\"zeen-lazy-load-base zeen-lazy-load\" data-lazy-src=\"..\/img_art\/Uovo_min.jpg\" alt=\"torna su\" width=\"44\" height=\"70\" border=\"0\" \/><noscript><img decoding=\"async\" src=\"..\/img_art\/Uovo_min.jpg\" alt=\"torna su\" width=\"44\" height=\"70\" border=\"0\" \/><\/noscript><\/a><\/p>\n<\/div>\n<\/td>\n<\/tr>\n<\/tbody>\n<\/table>\n","protected":false},"excerpt":{"rendered":"<p>Dalla conoscenza alla liberazione mentale, fase 5 Integrazione e dis-integrazione dal gruppo sociale Per lungo tempo l&#8217;uomo resta un animale sociale che propende alla remissivit\u00e0 ed al desiderio di compiacere i componenti del gruppo di appartenenza. Questo, favorisce l&#8217;assimilazione di modelli culturali, sociali ed ideologici senza il benefico filtro dell&#8217;analisi critica. Condizionamento e conformismo vengono dall&#8217;abitudine di imitare i criteri del gruppo, allo scopo di essere accettati dal branco-sociale. Dalla conoscenza alla liberazione mentale, fase 5 di Athos A. Altomonte [&hellip;]<\/p>\n","protected":false},"author":1,"featured_media":4677,"comment_status":"open","ping_status":"open","sticky":false,"template":"","format":"standard","meta":{"wds_primary_category":0,"footnotes":""},"categories":[57],"tags":[120],"class_list":["post-2155","post","type-post","status-publish","format-standard","has-post-thumbnail","hentry","category-alchimia-del-fuoco","tag-dalla-conoscenza"],"_links":{"self":[{"href":"https:\/\/www.esonet.it\/index.php?rest_route=\/wp\/v2\/posts\/2155","targetHints":{"allow":["GET"]}}],"collection":[{"href":"https:\/\/www.esonet.it\/index.php?rest_route=\/wp\/v2\/posts"}],"about":[{"href":"https:\/\/www.esonet.it\/index.php?rest_route=\/wp\/v2\/types\/post"}],"author":[{"embeddable":true,"href":"https:\/\/www.esonet.it\/index.php?rest_route=\/wp\/v2\/users\/1"}],"replies":[{"embeddable":true,"href":"https:\/\/www.esonet.it\/index.php?rest_route=%2Fwp%2Fv2%2Fcomments&post=2155"}],"version-history":[{"count":2,"href":"https:\/\/www.esonet.it\/index.php?rest_route=\/wp\/v2\/posts\/2155\/revisions"}],"predecessor-version":[{"id":9812,"href":"https:\/\/www.esonet.it\/index.php?rest_route=\/wp\/v2\/posts\/2155\/revisions\/9812"}],"wp:featuredmedia":[{"embeddable":true,"href":"https:\/\/www.esonet.it\/index.php?rest_route=\/wp\/v2\/media\/4677"}],"wp:attachment":[{"href":"https:\/\/www.esonet.it\/index.php?rest_route=%2Fwp%2Fv2%2Fmedia&parent=2155"}],"wp:term":[{"taxonomy":"category","embeddable":true,"href":"https:\/\/www.esonet.it\/index.php?rest_route=%2Fwp%2Fv2%2Fcategories&post=2155"},{"taxonomy":"post_tag","embeddable":true,"href":"https:\/\/www.esonet.it\/index.php?rest_route=%2Fwp%2Fv2%2Ftags&post=2155"}],"curies":[{"name":"wp","href":"https:\/\/api.w.org\/{rel}","templated":true}]}}