{"id":2212,"date":"2005-11-08T19:56:20","date_gmt":"2005-11-08T18:56:20","guid":{"rendered":"http:\/\/www.esonet.it\/?p=2212"},"modified":"2023-09-26T16:52:50","modified_gmt":"2023-09-26T14:52:50","slug":"identita-fisica-ed-identita-sottile","status":"publish","type":"post","link":"https:\/\/www.esonet.it\/?p=2212","title":{"rendered":"Identit\u00e0 fisica ed identit\u00e0 sottile"},"content":{"rendered":"<p><a href=\"https:\/\/www.esonet.it\/?cat=57\"><img decoding=\"async\" src=\"data:image\/svg+xml,%3Csvg%20xmlns='http:\/\/www.w3.org\/2000\/svg'%20viewBox='0%200%20370%20247'%3E%3C\/svg%3E\" class=\"zeen-lazy-load-base zeen-lazy-load alignright\" title=\"Alchimia del Fuoco\" data-lazy-src=\"images\/topics\/AlchimiaFuoco.jpg\" alt=\"Alchimia del Fuoco\" align=\"right\" border=\"0\" \/><noscript><img decoding=\"async\" class=\"alignright\" title=\"Alchimia del Fuoco\" src=\"images\/topics\/AlchimiaFuoco.jpg\" alt=\"Alchimia del Fuoco\" align=\"right\" border=\"0\" \/><\/noscript><\/a>Il mistero della vita \u00e8 sapere chi siamo veramente, e possiamo svelarlo ricostruendo la nostra identit\u00e0 sottile.<\/p>\n<table border=\"0\" width=\"100%\">\n<tbody>\n<tr>\n<td scope=\"col\">\n<div align=\"center\">\n<h3 align=\"left\"><a name=\"su\"><\/a> <strong>Identit\u00e0 fisica ed identit\u00e0 sottile<\/strong><\/h3>\n<p align=\"left\">di Athos A. Altomonte<\/p>\n<p align=\"left\">\n<\/div>\n<\/td>\n<\/tr>\n<tr>\n<td scope=\"row\">\n<div align=\"justify\">\n<p><strong>Il mistero della vita \u00e8 sapere chi siamo veramente, e possiamo svelarlo ricostruendo la nostra identit\u00e0 sottile. <\/strong><\/p>\n<p>Lo sviluppo della coscienza e le qualit\u00e0 mentali dell&#8217;uomo progrediscono assieme a quella particolare generosit\u00e0 benefica chiamata \u201cservizio altruistico\u201d. I segni del progresso interiore vengono recepiti dall&#8217;aura le cui colorazioni seguono la mobilit\u00e0 della psiche, modificandosi secondo ci\u00f2 che la mente sente e pensa.<\/p>\n<table border=\"0\" width=\"100%\">\n<tbody>\n<tr>\n<td scope=\"col\" width=\"74%\">\n<div align=\"justify\">\n<p>Le piccole aure umane hanno le medesime caratteristiche di quella universale, a cui sono tutte collegate. Le aure minori sono l&#8217;effetto di quel moto di vita chiamato \u201canima\u201d, mentre, quella maggiore, nasce dal moto di quel principio inesprimibile che gli uomini chiamano Dio. Come quella universale, anche l&#8217;aura dell&#8217;uomo \u00e8 una <strong><em>membrana energetica<\/em><\/strong>, che trattiene gli irraggiamenti minori che rispecchiano le qualit\u00e0 del pensiero.<\/p>\n<\/div>\n<\/td>\n<td scope=\"col\" width=\"26%\">\n<div align=\"right\"><img decoding=\"async\" src=\"data:image\/svg+xml,%3Csvg%20xmlns='http:\/\/www.w3.org\/2000\/svg'%20viewBox='0%200%20178%20178'%3E%3C\/svg%3E\" class=\"zeen-lazy-load-base zeen-lazy-load\" data-lazy-src=\"..\/img_art\/Aloni.gif\" width=\"178\" height=\"178\" \/><noscript><img decoding=\"async\" src=\"..\/img_art\/Aloni.gif\" width=\"178\" height=\"178\" \/><\/noscript><\/div>\n<\/td>\n<\/tr>\n<\/tbody>\n<\/table>\n<p>L&#8217;aura si collega alla mente attraverso la coscienza e viceversa.<\/p>\n<p>Il collegamento principale \u00e8 quello col nucleo energetico chiamato anima. Cos\u00ec chiamato perch\u00e8 (anima) muove il microcosmo chiamato \u201cuniverso uomo\u201d. Questo collegamento diventa accessibile coordinando la mente con i livelli pi\u00f9 sottili della coscienza. Ma per raggiungere uno dei collegamenti superiori bisogna partire da quello che unisce ragione e coscienza fisica. \u00c8 il primo passo per condurre l&#8217;<strong><em>identit\u00e0 fisica <\/em><\/strong> alla coscienza sottile, trasformandola in <strong><em>identit\u00e0 sottile<\/em><\/strong>.<\/p>\n<p>Dapprincipio la ragione \u00e8 completamente sottomessa agli impulsi della natura fisico-animale, per cui, avvicinarla al senso della coscienza \u00e8 un processo tutt&#8217;altro che facile. Ecco perch\u00e8 riportare all&#8217;ordine la sua riottosit\u00e0 \u00e8 la prima prova da superare. In definitiva, l&#8217;uomo deve trovare in se stesso la volont\u00e0 d&#8217;imporsi all&#8217;egocentrismo della natura inferiore, che ostacola ogni \u201cintrusione\u201d della coscienza. La natura inferiore \u00e8 sorda alla voce della coscienza e solo ricorrendo alla volont\u00e0 si pu\u00f2 <strong><em>ragionevolmente pensare di <\/em><\/strong><strong><em>liberare la mente<\/em><\/strong>.<\/p>\n<p>Una mente libera da sudditanze materiali comincia a sviluppare quella dote astratta chiamata <strong><em>percettivit\u00e0<\/em><\/strong>. Questa, decolora lentamente le influenze passionali della natura inferiore e, come per un gioco di specchi, riflette e moltiplica i riverberi della coscienza rendendo la mente sempre meno interessata ai processi inferiori. Con il <strong><em>distacco mentale <\/em><\/strong> s&#8217;inizia a raffinare l&#8217;identit\u00e0 fisica. <img decoding=\"async\" src=\"data:image\/svg+xml,%3Csvg%20xmlns='http:\/\/www.w3.org\/2000\/svg'%20viewBox='0%200%2015%2015'%3E%3C\/svg%3E\" class=\"zeen-lazy-load-base zeen-lazy-load\" data-lazy-src=\"..\/img_art\/fine_testo.gif\" width=\"15\" height=\"15\" \/><noscript><img decoding=\"async\" src=\"..\/img_art\/fine_testo.gif\" width=\"15\" height=\"15\" \/><\/noscript><\/p>\n<p align=\"center\"><a href=\"#su\"><img decoding=\"async\" src=\"data:image\/svg+xml,%3Csvg%20xmlns='http:\/\/www.w3.org\/2000\/svg'%20viewBox='0%200%2044%2070'%3E%3C\/svg%3E\" class=\"zeen-lazy-load-base zeen-lazy-load\" data-lazy-src=\"..\/img_art\/Uovo_min.jpg\" alt=\"torna su\" width=\"44\" height=\"70\" border=\"0\" \/><noscript><img decoding=\"async\" src=\"..\/img_art\/Uovo_min.jpg\" alt=\"torna su\" width=\"44\" height=\"70\" border=\"0\" \/><\/noscript><\/a><\/p>\n<\/div>\n<\/td>\n<\/tr>\n<\/tbody>\n<\/table>\n","protected":false},"excerpt":{"rendered":"<p>Il mistero della vita \u00e8 sapere chi siamo veramente, e possiamo svelarlo ricostruendo la nostra identit\u00e0 sottile. Identit\u00e0 fisica ed identit\u00e0 sottile di Athos A. Altomonte Il mistero della vita \u00e8 sapere chi siamo veramente, e possiamo svelarlo ricostruendo la nostra identit\u00e0 sottile. Lo sviluppo della coscienza e le qualit\u00e0 mentali dell&#8217;uomo progrediscono assieme a quella particolare generosit\u00e0 benefica chiamata \u201cservizio altruistico\u201d. I segni del progresso interiore vengono recepiti dall&#8217;aura le cui colorazioni seguono la mobilit\u00e0 della psiche, modificandosi secondo [&hellip;]<\/p>\n","protected":false},"author":1,"featured_media":4466,"comment_status":"open","ping_status":"open","sticky":false,"template":"","format":"standard","meta":{"wds_primary_category":0,"footnotes":""},"categories":[57],"tags":[36],"class_list":["post-2212","post","type-post","status-publish","format-standard","has-post-thumbnail","hentry","category-alchimia-del-fuoco","tag-sviluppocoscienziale"],"_links":{"self":[{"href":"https:\/\/www.esonet.it\/index.php?rest_route=\/wp\/v2\/posts\/2212","targetHints":{"allow":["GET"]}}],"collection":[{"href":"https:\/\/www.esonet.it\/index.php?rest_route=\/wp\/v2\/posts"}],"about":[{"href":"https:\/\/www.esonet.it\/index.php?rest_route=\/wp\/v2\/types\/post"}],"author":[{"embeddable":true,"href":"https:\/\/www.esonet.it\/index.php?rest_route=\/wp\/v2\/users\/1"}],"replies":[{"embeddable":true,"href":"https:\/\/www.esonet.it\/index.php?rest_route=%2Fwp%2Fv2%2Fcomments&post=2212"}],"version-history":[{"count":2,"href":"https:\/\/www.esonet.it\/index.php?rest_route=\/wp\/v2\/posts\/2212\/revisions"}],"predecessor-version":[{"id":9824,"href":"https:\/\/www.esonet.it\/index.php?rest_route=\/wp\/v2\/posts\/2212\/revisions\/9824"}],"wp:featuredmedia":[{"embeddable":true,"href":"https:\/\/www.esonet.it\/index.php?rest_route=\/wp\/v2\/media\/4466"}],"wp:attachment":[{"href":"https:\/\/www.esonet.it\/index.php?rest_route=%2Fwp%2Fv2%2Fmedia&parent=2212"}],"wp:term":[{"taxonomy":"category","embeddable":true,"href":"https:\/\/www.esonet.it\/index.php?rest_route=%2Fwp%2Fv2%2Fcategories&post=2212"},{"taxonomy":"post_tag","embeddable":true,"href":"https:\/\/www.esonet.it\/index.php?rest_route=%2Fwp%2Fv2%2Ftags&post=2212"}],"curies":[{"name":"wp","href":"https:\/\/api.w.org\/{rel}","templated":true}]}}