{"id":2321,"date":"2005-03-19T14:56:32","date_gmt":"2005-03-19T13:56:32","guid":{"rendered":"http:\/\/www.esonet.it\/?p=2321"},"modified":"2023-09-19T13:08:30","modified_gmt":"2023-09-19T11:08:30","slug":"la-storia-di-maria-maddalena","status":"publish","type":"post","link":"https:\/\/www.esonet.it\/?p=2321","title":{"rendered":"La storia di Maria Maddalena"},"content":{"rendered":"<p><a href=\"https:\/\/www.esonet.it\/?cat=46\"><img decoding=\"async\" src=\"data:image\/svg+xml,%3Csvg%20xmlns='http:\/\/www.w3.org\/2000\/svg'%20viewBox='0%200%20370%20247'%3E%3C\/svg%3E\" class=\"zeen-lazy-load-base zeen-lazy-load alignright\" title=\"Agni Yoga\" data-lazy-src=\"images\/topics\/AgniYoga3.jpg\" alt=\"Agni Yoga\" align=\"right\" border=\"0\" \/><noscript><img decoding=\"async\" class=\"alignright\" title=\"Agni Yoga\" src=\"images\/topics\/AgniYoga3.jpg\" alt=\"Agni Yoga\" align=\"right\" border=\"0\" \/><\/noscript><\/a>Questa \u00e8 la storia di Maria Maddalena.<\/p>\n<table border=\"0\" width=\"100%\">\n<tbody>\n<tr>\n<td scope=\"col\">\n<div align=\"center\">\n<h3 align=\"justify\"><a name=\"su\"><\/a> La storia di Maria Maddalena<\/h3>\n<p align=\"justify\">a cura di Adriano Nardi<\/p>\n<\/div>\n<\/td>\n<\/tr>\n<tr>\n<td scope=\"row\">\n<div align=\"justify\">\n<table border=\"0\" width=\"100%\">\n<tbody>\n<tr>\n<td scope=\"col\" width=\"44%\">\n<div align=\"justify\">\n<p><img decoding=\"async\" src=\"data:image\/svg+xml,%3Csvg%20xmlns='http:\/\/www.w3.org\/2000\/svg'%20viewBox='0%200%20309%20209'%3E%3C\/svg%3E\" class=\"zeen-lazy-load-base zeen-lazy-load\" data-lazy-src=\"..\/img_art\/Himalayas6.jpg\" width=\"309\" height=\"209\" \/><noscript><img decoding=\"async\" src=\"..\/img_art\/Himalayas6.jpg\" width=\"309\" height=\"209\" \/><\/noscript><\/p>\n<\/div>\n<\/td>\n<td scope=\"col\" valign=\"bottom\" width=\"56%\">\n<div align=\"justify\">\n<p>Questa \u00e8 la storia di Maria Maddalena.<\/p>\n<p>Sapete come vivevo, ci conoscevamo di notte e ci evitavamo di giorno. Cos\u00ec era del Cristo. Di notte venivano, e di giorno volgevano la faccia. Pensai: \u00abEccomi, infima, e si vergognano di me alla luce del sole. Ma anch&#8217;Egli, l&#8217;altissimo Profeta, viene schivato di giorno. In ci\u00f2 l&#8217;ultima e il supremo sono pari\u00bb.<\/p>\n<p>Volli dunque recarmi da Lui di giorno, e tenderGli la mano. Indossai la veste migliore e la collana di Smirne, e mi profumai i capelli.<\/p>\n<\/div>\n<\/td>\n<\/tr>\n<\/tbody>\n<\/table>\n<p>E andai da Lui, per dire alla gente: \u00abEcco, di giorno si incontrano l&#8217;infima e l&#8217;eccelso &#8211; che voi egualmente evitate\u00bb.<\/p>\n<p>E quando Lo vidi, seduto fra i pescatori, coperto con un sacco, restai dall&#8217;altra parte, e non potevo avvicinarmi. La folla passava tra noi, ed evitava entrambi. Cos\u00ec si decise la mia vita. Poich\u00e9 Egli disse al Suo discepolo prediletto: \u00abPrendi questo pizzico di polvere, e portalo a quella donna, che lo cambi con la sua collana. In verit\u00e0 hanno pi\u00f9 vita queste ceneri che quelle pietre; poich\u00e9 dalle ceneri posso creare pietre, ma dalle pietre null&#8217;altro che polvere\u00bb.<\/p>\n<p>Il resto lo sapete. Non mi condann\u00f2. Si limit\u00f2 a pesare le mie catene, e i lacci della vergogna caddero in polvere. Decise con semplicit\u00e0.<\/p>\n<p>Non esitava mai a inviare l&#8217;oggetto pi\u00f9 semplice, che decideva una vita. Lo toccava come per immergerlo nello spirito. La Sua via era deserta; poich\u00e9 la gente, avuti i doni, presto s&#8217;allontanava.<\/p>\n<p>E volendo imporre le Mani, trovava il vuoto. Quando gi\u00e0 era condannato, le furie della vergogna Lo seguivano correndo e per scherno agitavano rami. Il prezzo del ladrone fu degno della folla.<\/p>\n<p>In verit\u00e0 Egli spezzava le catene perch\u00e9 dava conoscenza senza prendere compenso.<\/p>\n<p align=\"right\">da <span class=\"Stile1\">Foglie del giardino di Morya II &#8211; Illuminazione <\/span><img decoding=\"async\" src=\"data:image\/svg+xml,%3Csvg%20xmlns='http:\/\/www.w3.org\/2000\/svg'%20viewBox='0%200%2042%2033'%3E%3C\/svg%3E\" class=\"zeen-lazy-load-base zeen-lazy-load\" data-lazy-src=\"..\/img_art\/Peace.gif\" width=\"42\" height=\"33\" \/><noscript><img decoding=\"async\" src=\"..\/img_art\/Peace.gif\" width=\"42\" height=\"33\" \/><\/noscript><\/p>\n<p align=\"center\"><a href=\"#su\"><img decoding=\"async\" src=\"data:image\/svg+xml,%3Csvg%20xmlns='http:\/\/www.w3.org\/2000\/svg'%20viewBox='0%200%2044%2070'%3E%3C\/svg%3E\" class=\"zeen-lazy-load-base zeen-lazy-load\" data-lazy-src=\"..\/img_art\/Uovo_min.jpg\" alt=\"torna su\" width=\"44\" height=\"70\" border=\"0\" \/><noscript><img decoding=\"async\" src=\"..\/img_art\/Uovo_min.jpg\" alt=\"torna su\" width=\"44\" height=\"70\" border=\"0\" \/><\/noscript><\/a><\/p>\n<\/div>\n<\/td>\n<\/tr>\n<\/tbody>\n<\/table>\n","protected":false},"excerpt":{"rendered":"<p>Questa \u00e8 la storia di Maria Maddalena. La storia di Maria Maddalena a cura di Adriano Nardi Questa \u00e8 la storia di Maria Maddalena. Sapete come vivevo, ci conoscevamo di notte e ci evitavamo di giorno. Cos\u00ec era del Cristo. Di notte venivano, e di giorno volgevano la faccia. Pensai: \u00abEccomi, infima, e si vergognano di me alla luce del sole. Ma anch&#8217;Egli, l&#8217;altissimo Profeta, viene schivato di giorno. In ci\u00f2 l&#8217;ultima e il supremo sono pari\u00bb. Volli dunque recarmi [&hellip;]<\/p>\n","protected":false},"author":1,"featured_media":3312,"comment_status":"open","ping_status":"open","sticky":false,"template":"","format":"standard","meta":{"wds_primary_category":0,"footnotes":""},"categories":[46],"tags":[47],"class_list":["post-2321","post","type-post","status-publish","format-standard","has-post-thumbnail","hentry","category-agni-yoga","tag-aforismi-agni-yoga"],"_links":{"self":[{"href":"https:\/\/www.esonet.it\/index.php?rest_route=\/wp\/v2\/posts\/2321","targetHints":{"allow":["GET"]}}],"collection":[{"href":"https:\/\/www.esonet.it\/index.php?rest_route=\/wp\/v2\/posts"}],"about":[{"href":"https:\/\/www.esonet.it\/index.php?rest_route=\/wp\/v2\/types\/post"}],"author":[{"embeddable":true,"href":"https:\/\/www.esonet.it\/index.php?rest_route=\/wp\/v2\/users\/1"}],"replies":[{"embeddable":true,"href":"https:\/\/www.esonet.it\/index.php?rest_route=%2Fwp%2Fv2%2Fcomments&post=2321"}],"version-history":[{"count":5,"href":"https:\/\/www.esonet.it\/index.php?rest_route=\/wp\/v2\/posts\/2321\/revisions"}],"predecessor-version":[{"id":9588,"href":"https:\/\/www.esonet.it\/index.php?rest_route=\/wp\/v2\/posts\/2321\/revisions\/9588"}],"wp:featuredmedia":[{"embeddable":true,"href":"https:\/\/www.esonet.it\/index.php?rest_route=\/wp\/v2\/media\/3312"}],"wp:attachment":[{"href":"https:\/\/www.esonet.it\/index.php?rest_route=%2Fwp%2Fv2%2Fmedia&parent=2321"}],"wp:term":[{"taxonomy":"category","embeddable":true,"href":"https:\/\/www.esonet.it\/index.php?rest_route=%2Fwp%2Fv2%2Fcategories&post=2321"},{"taxonomy":"post_tag","embeddable":true,"href":"https:\/\/www.esonet.it\/index.php?rest_route=%2Fwp%2Fv2%2Ftags&post=2321"}],"curies":[{"name":"wp","href":"https:\/\/api.w.org\/{rel}","templated":true}]}}