{"id":2325,"date":"2005-03-11T11:15:32","date_gmt":"2005-03-11T10:15:32","guid":{"rendered":"http:\/\/www.esonet.it\/?p=2325"},"modified":"2023-09-19T13:09:46","modified_gmt":"2023-09-19T11:09:46","slug":"la-madre-del-mondo","status":"publish","type":"post","link":"https:\/\/www.esonet.it\/?p=2325","title":{"rendered":"La Madre del Mondo"},"content":{"rendered":"<p><a href=\"https:\/\/www.esonet.it\/?cat=46\"><img decoding=\"async\" src=\"data:image\/svg+xml,%3Csvg%20xmlns='http:\/\/www.w3.org\/2000\/svg'%20viewBox='0%200%20370%20247'%3E%3C\/svg%3E\" class=\"zeen-lazy-load-base zeen-lazy-load alignright\" title=\"Agni Yoga\" data-lazy-src=\"images\/topics\/AgniYoga3.jpg\" alt=\"Agni Yoga\" align=\"right\" border=\"0\" \/><noscript><img decoding=\"async\" class=\"alignright\" title=\"Agni Yoga\" src=\"images\/topics\/AgniYoga3.jpg\" alt=\"Agni Yoga\" align=\"right\" border=\"0\" \/><\/noscript><\/a>Ho gi\u00e0 citato la Madre del Buddha e del Cristo. Invero \u00e8 tempo di mostrare che l&#8217;unica Madre di entrambi non \u00e8 un simbolo, ma una Grande Manifestazione dell&#8217;Origine Femminile, che palesa la Madre spirituale dell&#8217;Uno e dell&#8217;Altro.<\/p>\n<table border=\"0\" width=\"100%\">\n<tbody>\n<tr>\n<td scope=\"col\">\n<div align=\"center\">\n<h3 align=\"justify\"><a name=\"su\"><\/a> La Madre del Mondo<\/h3>\n<p align=\"justify\">a cura di Adriano Nardi<\/p>\n<\/div>\n<\/td>\n<\/tr>\n<tr>\n<td scope=\"row\">\n<div align=\"justify\">\n<table border=\"0\" width=\"100%\">\n<tbody>\n<tr>\n<td scope=\"col\" width=\"40%\">\n<div align=\"justify\">\n<p><img decoding=\"async\" src=\"data:image\/svg+xml,%3Csvg%20xmlns='http:\/\/www.w3.org\/2000\/svg'%20viewBox='0%200%20273%20414'%3E%3C\/svg%3E\" class=\"zeen-lazy-load-base zeen-lazy-load\" data-lazy-src=\"\/img_art\/Mother_of_the_World.jpg\" width=\"273\" height=\"414\" \/><noscript><img decoding=\"async\" src=\"\/img_art\/Mother_of_the_World.jpg\" width=\"273\" height=\"414\" \/><\/noscript><\/p>\n<\/div>\n<\/td>\n<td scope=\"col\" valign=\"bottom\" width=\"60%\">\n<div align=\"justify\">\n<p>Ho gi\u00e0 detto che la Madre del Mondo nasconde il Suo Nome. Ho gi\u00e0 detto che vela il Suo Volto. Ho gi\u00e0 citato la Madre del Buddha e del Cristo.<\/p>\n<p>Invero \u00e8 tempo di mostrare che l&#8217;unica Madre di entrambi non \u00e8 un simbolo, ma una Grande Manifestazione dell&#8217;Origine Femminile, che palesa la Madre spirituale dell&#8217;Uno e dell&#8217;Altro. Fu Ella Che Li istru\u00ec, Che Li prepar\u00f2 alla vittoria.<\/p>\n<p>Da tempo immemorabile la Madre del Mondo sospinge alla vittoria. Nella storia dell&#8217;umanit\u00e0 la Sua Mano intesse un filo che non si spezza.<\/p>\n<p>Sul Sinai risuon\u00f2 la Sua Voce. Assunse l&#8217;immagine della dea Kal\u00ec. Fu alla base del culto di Iside e di Ishtar.<\/p>\n<p>Dopo l&#8217;Atlantide, allorch\u00e9 un grave colpo fu inferto al culto dello spirito, la Madre del Mondo cominci\u00f2 a formare un nuovo filo, che ora sta per irradiare.<\/p>\n<p>Da allora vel\u00f2 il Suo Volto, e viet\u00f2 che si dica il Suo Nome, fino a quando verr\u00e0 l&#8217;ora delle costellazioni. Si \u00e8 manifestata solo in parte; mai in misura planetaria.<\/p>\n<\/div>\n<\/td>\n<\/tr>\n<\/tbody>\n<\/table>\n<p>Si possono citare molti esempi di Magi che lasciarono dietro s\u00e9 conseguenze inattese e il desiderio di trovare sostegno negli strati inferiori della materia. Questa perversione si potrebbe chiamare il canale dell&#8217;intelletto, e pu\u00f2 impedire a lungo la comunione con altri mondi.<\/p>\n<p>Ora gli uomini cercano per vie meccaniche ci\u00f2 che \u00e8 gi\u00e0 predestinato spiritualmente.<\/p>\n<p>L&#8217;Insegnamento dell&#8217;Epoca Futura riunir\u00e0 spirito e intelletto.<\/p>\n<p>Il corso dei pianeti permette di accelerare la comunione dei mondi, e lo sviluppo dello spirito umano andr\u00e0 per vie nuove.<\/p>\n<p>I luminari consentono di affrettare il passo del genere umano.<\/p>\n<p align=\"right\">da <span class=\"Stile1\">Foglie del giardino di Morya II &#8211; Illuminazione<\/span> <img decoding=\"async\" src=\"data:image\/svg+xml,%3Csvg%20xmlns='http:\/\/www.w3.org\/2000\/svg'%20viewBox='0%200%2042%2033'%3E%3C\/svg%3E\" class=\"zeen-lazy-load-base zeen-lazy-load\" data-lazy-src=\"..\/img_art\/Peace.gif\" width=\"42\" height=\"33\" \/><noscript><img decoding=\"async\" src=\"..\/img_art\/Peace.gif\" width=\"42\" height=\"33\" \/><\/noscript><\/p>\n<p align=\"center\"><a href=\"#su\"><img decoding=\"async\" src=\"data:image\/svg+xml,%3Csvg%20xmlns='http:\/\/www.w3.org\/2000\/svg'%20viewBox='0%200%2044%2070'%3E%3C\/svg%3E\" class=\"zeen-lazy-load-base zeen-lazy-load\" data-lazy-src=\"..\/img_art\/Uovo_min.jpg\" alt=\"torna su\" width=\"44\" height=\"70\" border=\"0\" \/><noscript><img decoding=\"async\" src=\"..\/img_art\/Uovo_min.jpg\" alt=\"torna su\" width=\"44\" height=\"70\" border=\"0\" \/><\/noscript><\/a><\/p>\n<\/div>\n<\/td>\n<\/tr>\n<\/tbody>\n<\/table>\n","protected":false},"excerpt":{"rendered":"<p>Ho gi\u00e0 citato la Madre del Buddha e del Cristo. Invero \u00e8 tempo di mostrare che l&#8217;unica Madre di entrambi non \u00e8 un simbolo, ma una Grande Manifestazione dell&#8217;Origine Femminile, che palesa la Madre spirituale dell&#8217;Uno e dell&#8217;Altro. La Madre del Mondo a cura di Adriano Nardi Ho gi\u00e0 detto che la Madre del Mondo nasconde il Suo Nome. Ho gi\u00e0 detto che vela il Suo Volto. Ho gi\u00e0 citato la Madre del Buddha e del Cristo. Invero \u00e8 tempo [&hellip;]<\/p>\n","protected":false},"author":1,"featured_media":3324,"comment_status":"open","ping_status":"open","sticky":false,"template":"","format":"standard","meta":{"wds_primary_category":0,"footnotes":""},"categories":[46],"tags":[47],"class_list":["post-2325","post","type-post","status-publish","format-standard","has-post-thumbnail","hentry","category-agni-yoga","tag-aforismi-agni-yoga"],"_links":{"self":[{"href":"https:\/\/www.esonet.it\/index.php?rest_route=\/wp\/v2\/posts\/2325","targetHints":{"allow":["GET"]}}],"collection":[{"href":"https:\/\/www.esonet.it\/index.php?rest_route=\/wp\/v2\/posts"}],"about":[{"href":"https:\/\/www.esonet.it\/index.php?rest_route=\/wp\/v2\/types\/post"}],"author":[{"embeddable":true,"href":"https:\/\/www.esonet.it\/index.php?rest_route=\/wp\/v2\/users\/1"}],"replies":[{"embeddable":true,"href":"https:\/\/www.esonet.it\/index.php?rest_route=%2Fwp%2Fv2%2Fcomments&post=2325"}],"version-history":[{"count":2,"href":"https:\/\/www.esonet.it\/index.php?rest_route=\/wp\/v2\/posts\/2325\/revisions"}],"predecessor-version":[{"id":9592,"href":"https:\/\/www.esonet.it\/index.php?rest_route=\/wp\/v2\/posts\/2325\/revisions\/9592"}],"wp:featuredmedia":[{"embeddable":true,"href":"https:\/\/www.esonet.it\/index.php?rest_route=\/wp\/v2\/media\/3324"}],"wp:attachment":[{"href":"https:\/\/www.esonet.it\/index.php?rest_route=%2Fwp%2Fv2%2Fmedia&parent=2325"}],"wp:term":[{"taxonomy":"category","embeddable":true,"href":"https:\/\/www.esonet.it\/index.php?rest_route=%2Fwp%2Fv2%2Fcategories&post=2325"},{"taxonomy":"post_tag","embeddable":true,"href":"https:\/\/www.esonet.it\/index.php?rest_route=%2Fwp%2Fv2%2Ftags&post=2325"}],"curies":[{"name":"wp","href":"https:\/\/api.w.org\/{rel}","templated":true}]}}