{"id":617,"date":"2021-05-05T13:04:25","date_gmt":"2021-05-05T11:04:25","guid":{"rendered":"http:\/\/www.esonet.it\/?p=617"},"modified":"2023-11-04T09:55:52","modified_gmt":"2023-11-04T08:55:52","slug":"presentazione-del-primo-rotolo-1","status":"publish","type":"post","link":"https:\/\/www.esonet.it\/?p=617","title":{"rendered":"Presentazione del &#8221;Primo Rotolo&#8221; \/1"},"content":{"rendered":"<p><a href=\"https:\/\/www.esonet.it\/?cat=42\"><img decoding=\"async\" src=\"data:image\/svg+xml,%3Csvg%20xmlns='http:\/\/www.w3.org\/2000\/svg'%20viewBox='0%200%20370%20247'%3E%3C\/svg%3E\" class=\"zeen-lazy-load-base zeen-lazy-load alignright\" title=\"Massoneria\" data-lazy-src=\"images\/topics\/Massoneria1.jpg\" alt=\"Massoneria\" align=\"right\" border=\"0\" \/><noscript><img decoding=\"async\" class=\"alignright\" title=\"Massoneria\" src=\"images\/topics\/Massoneria1.jpg\" alt=\"Massoneria\" align=\"right\" border=\"0\" \/><\/noscript><\/a>Il &#8220;Rotolo&#8221; \u00e8 lo sviluppo di un ragionamento mediato per indicare ai fratelli, un inizio ed una fine, attraverso tutta una serie di passi, rappresentati da una successione di tavole.<\/p>\n<table border=\"0\" width=\"100%\">\n<tbody>\n<tr>\n<td scope=\"col\">\n<div align=\"center\">\n<h3 align=\"left\"><a name=\"su\"><\/a>Presentazione del &#8220;Primo Rotolo&#8221;<\/h3>\n<p align=\"left\">di Adriano Nardi<\/p>\n<\/div>\n<\/td>\n<\/tr>\n<tr>\n<td scope=\"row\">\n<div align=\"justify\">\n<p align=\"center\"><img decoding=\"async\" src=\"data:image\/svg+xml,%3Csvg%20xmlns='http:\/\/www.w3.org\/2000\/svg'%20viewBox='0%200%20170%20170'%3E%3C\/svg%3E\" class=\"zeen-lazy-load-base zeen-lazy-load\" data-lazy-src=\"..\/img_art\/logo_istruzioni_min.gif\" width=\"170\" height=\"170\" \/><noscript><img decoding=\"async\" src=\"..\/img_art\/logo_istruzioni_min.gif\" width=\"170\" height=\"170\" \/><\/noscript><\/p>\n<p align=\"center\"><em>dedicato al lavoro d&#8217;istruzione di Athos A. Altomonte<\/em><\/p>\n<p>Andremo ad illustrare perch\u00e9 \u00e8 stato fatto questo lavoro e quale scopo si prefigge colui che lo ha creato.<\/p>\n<p>La prima cosa da sottolineare \u00e8 che come per il <em>pavimento del tempio<\/em> anche per questo \u201cRotolo\u201d l\u2019allegoria del labirinto \u00e8 appropriata. Ci\u00f2 sottintende che ha un\u2019entrata ed un\u2019uscita. Solo che l\u2019entrata, \u201cverso il basso\u201d e l\u2019uscita, \u201cverso l\u2019alto\u201d, \u00e8 la stessa. Questa \u00e8 la prima cosa fondamentale. Si entra nel \u201cbiscione\u201d (<em>appellativo confidenziale usato per questo lavoro<\/em>) e se ne esce dalla stessa materia.<\/p>\n<p>Nel Tempio tradizionalmente regna un\u2019idea tra le altre, la <em>conoscenza<\/em>, base della ricerca simbolica della <em>chiave<\/em> della <em>\u201cParola perduta\u201d<\/em>. Si entra quindi alla ricerca della Parola perduta, il Suono. Il resto \u00e8 una concezione sintetica di tutti i sentieri, se per sentiero noi concepiamo un linguaggio iniziatico o un linguaggio esoterico.<br \/>\nIl suono quindi costituisce la porta d\u2019ingresso di questo viaggio simbolico, inteso appunto come ricerca della Parola perduta ed anche l\u2019uscita, quando risuona nel Tempio, il Tempio dell\u2019Iniziato.<\/p>\n<p>La tradizione dei Rosa+Croce ricordava che l\u2019iniziato deve apprendere \u201ccento e uno lingue\u201d, con riferimento non certo agli idiomi del mondo ma lingue concettuali, ovvero i linguaggi.<br \/>\nQuello che si chiede al ricercatore con questo lavoro \u00e8 di imparare a riconoscere i diversi \u201clinguaggi\u201d. Per arrivare a comprendere che ogni linguaggio \u00e8 semplicemente una forma e come strumento va trattato. Se noi riconosciamo tutti i linguaggi senza identificarci con alcuno, troviamo la strada verso la sintesi, che oltre ad essere intellettuale \u00e8 soprattutto cardiaca.<\/p>\n<p>Il concetto sintetico \u00e8 l\u2019effetto della \u201c<em>comprensione per contatto\u201d<\/em>. Questo primo Rotolo, che \u00e8 un ragionamento per immagini tra i \u201clinguaggi\u201d, se unito alla comprensione delle Leggi Cosmiche (Libro dei Sette Sigilli, che sar\u00e0 il secondo Rotolo) e alla Scienza dell\u2019Armonica, costituiscono nel loro insieme un concetto sintetico, che pi\u00f9 si avvicina all\u2019idea di Padre, inteso come Volont\u00e0 spirituale.<br \/>\nIl &#8220;Rotolo&#8221; \u00e8 lo sviluppo di un ragionamento mediato per indicare ai fratelli, un inizio ed una fine, attraverso tutta una serie di passi, rappresentati da una successione di tavole.<\/p>\n<p>Cominciamo allora questa rapida presentazione dal primo quadro, per esporne alcuni concetti fondamentali.<\/p>\n<p>Apre la presentazione quella che l\u2019autore di quest\u2019opera chiama una dichiarazione di guerra: all\u2019ignoranza, alla paura, alla forma. Mediamente si \u00e8 consapevoli che tutto ci\u00f2 che \u00e8 forma \u00e8 relativo, quindi illusorio. Un profano che vuole dare l\u2019assalto al sapere iniziatico deve mettersi nella posizione mentale del guerriero.<\/p>\n<p align=\"center\"><img decoding=\"async\" src=\"data:image\/svg+xml,%3Csvg%20xmlns='http:\/\/www.w3.org\/2000\/svg'%20viewBox='0%200%20911%20659'%3E%3C\/svg%3E\" class=\"zeen-lazy-load-base zeen-lazy-load\" data-lazy-src=\"..\/img_art_1\/1_ma_tavola_911-659.jpg\" width=\"911\" height=\"659\" border=\"0\" \/><noscript><img decoding=\"async\" src=\"..\/img_art_1\/1_ma_tavola_911-659.jpg\" width=\"911\" height=\"659\" border=\"0\" \/><\/noscript><\/p>\n<p>Il testo \u00e8 tratto da un antico commentario ebraico. \u00c8 d\u2019uso nella tradizione esoterica utilizzare acronimi per indicare termini che debbono essere protetti \u201cfuori dal Tempio\u201d.<\/p>\n<p>KS (King Salomon) inizia rivolgendosi al Saggissimo; qui si tratta di un Elohim (gli Elohim o \u201cFigli di Dio\u201d degli ebrei, gli Spiriti Planetari di tutte le nazioni, divenuti D\u00e8i per gli uomini).<\/p>\n<p>Chiedendo <em>\u00abChe ora \u00e8?\u00bb<\/em> indica qual \u00e8 la condizione dalla quale si parte in questa ricerca di conoscenza. Come sempre per ogni scritto esoterico, ogni parola potrebbe essere analizzata perch\u00e9 portatrice di un significato o di un concetto pi\u00f9 vasto. Lo faremo in modo pi\u00f9 approfondito successivamente, per ora ci si limita a presentare i punti salienti.<\/p>\n<p style=\"text-align: center;\"><em>\u00ab&#8230;\u00e8 la prima ora del giorno<\/em><br \/>\n<em>in cui il Tempio fu scisso,<\/em><br \/>\n<em>e la tenebra e la costernazione<\/em><br \/>\n<em>si diffusero sulla Terra.\u00bb<\/em><\/p>\n<p>Non entrando nel merito delle singole indicazioni, va evidenziato che qui c\u2019\u00e8 un riferimento a quell\u2019evento della storia dell\u2019umanit\u00e0 conosciuto come la \u201cCaduta degli Angeli\u201d, che non fu una <em>caduta<\/em> (nel senso morale che fu trasmesso dalla teologia) ma un <em>sacrificio<\/em>, finalizzato alla sacralizzazione della materia.<\/p>\n<p><em>\u00abLa Luce fu oscurata\u00bb<\/em>: qui si fa riferimento non alla luce del sole, ma alla luce del Sapere.<\/p>\n<p><em>\u00abGli attrezzi massonici furono spezzati\u00bb<\/em>: non gli arnesi presenti nel Tempio, ma ci\u00f2 ch\u2019essi rappresentano, come ad esempio la Spada, che rappresenta la volont\u00e0, dove per volont\u00e0 animica s\u2019intende la volont\u00e0 che illumina la mente. Perci\u00f2 \u00e8 al significato che gli attrezzi velano che qui si fa riferimento.<\/p>\n<p>\u00ab<em>E la Stella fiammeggiante disparve\u00bb<\/em>: la Stella fiammeggiante rappresenta lo spirito dell\u2019uomo, quella che comunemente viene riconosciuta come l\u2019anima. Nel Tempio massonico, il \u201cmedio\u201d tra l\u2019iniziato (simbolicamente rappresentato dal M.V.) e il G.A.D.U. \u00e8 il <em>Pentalfa fiammeggiante<\/em>; questa \u00e8 un\u2019informazione reale.<\/p>\n<p><em>\u00abE la Pietra cubica fu spezzata\u00bb<\/em>: la Pietra Cubica era quella pietra sulla quale il gran Sacerdote aveva posto su ogni faccia due lettere del nome dell\u2019Ineffabile (il Grande Architetto, Dio, tutti termini usati per non pronunciarne il nome) distribuite senza una sequenza ordinata per evitare di risalire al nome del Padre. Il <em>figliol prodigo<\/em> (la personalit\u00e0) non poteva cos\u00ec pi\u00f9 chiamare direttamente il Padre, per un motivo di crescita evolutiva e non per colpa, come ci hanno erroneamente abituato ad interpretare quella mirabile parabola.<\/p>\n<p><em>\u00abE la Parola \u00e8 andata perduta\u00bb<\/em>: il suono. All\u2019inizio fu il verbo e il verbo fu la creazione.<\/p>\n<p>Se vogliamo ottenere dei risultati a livello massonico degni del prezioso lascito simbolico, dobbiamo ricostituire gli attrezzi massonici, ossia quelle virt\u00f9, quali intelletto, innocuit\u00e0, percezione e tutte le altre che conosciamo; tenderci verso la <em>Stella fiammeggiante<\/em>, la propria anima e ritrovare la <em>parola<\/em> del Padre in noi, nel cuore. Quel suono fondamentale \u00e8 il vero <em>nome occulto<\/em> di ogni uomo, conosciuto ad un certo grado iniziatico, che lega il Quaternario dell\u2019uomo alla propria Triade ed \u00e8 una nota vibrante, come insegna la tradizione tibetana.<\/p>\n<p>Segue poi un Diagramma della Discesa nella Materia, che rende visibile la causa della perdita della Parola e della risalita nel \u201critorno alla casa del Padre\u201d. Tutto avviene su sette piani, altra informazione fondamentale. Sorvoliamo per ora sull\u2019analisi di simboli e termini rappresentati.<\/p>\n<p>Il quadro successivo raffigura un sistema, coerente alla tradizione del Tempio, anche se va ricordato che non \u00e8 l\u2019unico possibile. Questo, quando percorso, conduce l\u2019uomo al superamento dello iato che c\u2019\u00e8 tra lo stato di ignoranza e la saggezza iniziatica.<\/p>\n<p align=\"center\"><img decoding=\"async\" src=\"data:image\/svg+xml,%3Csvg%20xmlns='http:\/\/www.w3.org\/2000\/svg'%20viewBox='0%200%201027%20683'%3E%3C\/svg%3E\" class=\"zeen-lazy-load-base zeen-lazy-load\" data-lazy-src=\"..\/img_art_1\/2_da_tavola_1027-683.jpg\" width=\"1027\" height=\"683\" border=\"0\" \/><noscript><img decoding=\"async\" src=\"..\/img_art_1\/2_da_tavola_1027-683.jpg\" width=\"1027\" height=\"683\" border=\"0\" \/><\/noscript><\/p>\n<p>Questo \u00e8 un sistema calibrato secondo un concetto templare: <em>\u00abConosci te stesso\u00bb,<\/em> attraverso <em>Chi Sono<\/em>, <em>Da Dove Vengo<\/em>, <em>Dove Vado<\/em> e <em>Perch\u00e9<\/em>. Il problema risiede nel fatto che seppur \u201cIo sono qualcosa\u201d, cosa sono non lo so: questo \u00e8 il <em>profano<\/em> che parla.<\/p>\n<p>Sul piano mentale l\u2019affermazione dell\u2019Ego superiore \u00e8 \u201cIo Sono\u201d. Sino a qui troviamo le scuole iniziatiche. In realt\u00e0 l\u2019unione con il Tutto avviene quando questa affermazione diventa \u201cNoi Siamo\u201d, condizione necessaria per <em>l\u2019Iniziazione di gruppo<\/em>, che sar\u00e0 il prossimo traguardo per l\u2019umanit\u00e0 nella nuova era entrante di Aquario. Ed \u00e8 in quell\u2019unit\u00e0 che troviamo la strada verso il Padre.<\/p>\n<p align=\"center\"><img decoding=\"async\" src=\"data:image\/svg+xml,%3Csvg%20xmlns='http:\/\/www.w3.org\/2000\/svg'%20viewBox='0%200%201217%20583'%3E%3C\/svg%3E\" class=\"zeen-lazy-load-base zeen-lazy-load\" data-lazy-src=\"..\/img_art_1\/3_za_tavola_1217-583.jpg\" width=\"1217\" height=\"583\" border=\"0\" \/><noscript><img decoding=\"async\" src=\"..\/img_art_1\/3_za_tavola_1217-583.jpg\" width=\"1217\" height=\"583\" border=\"0\" \/><\/noscript><\/p>\n<p>Il quadro successivo rappresenta il Grembiule massonico e le 7 Arti Liberali. Viene rappresentato nei tre gradi ed \u00e8 esplicito il riferimento alla Pietra Cubica simbolo sempre presente nel Tempio, costituita dalla Triade (la piramide) sul Quaternario (il cubo).<\/p>\n<p>Si passa quindi all\u2019Evoluzione del linguaggio iniziatico, attraverso l\u2019apprendimento e l\u2019utilizzo delle 7 Arti Liberali; il 7 torna sempre perch\u00e9 fondamentale nella manifestazione.<\/p>\n<p>A seguire vengono rappresentati i livelli della Massoneria riconoscibili negli stadi corrispondenti all\u2019Ars Pontificia, l\u2019Ars Regia, l\u2019Ars Muratoria ed il Mondo Profano, con i relativi sigilli.<\/p>\n<p>Colui che dal <em>Mondo<\/em> <em>Profano<\/em> viene <em>introdotto<\/em>, una volta superata la porta del Tempio, soglia allegorica di un riconoscimento cardiaco, avr\u00e0 come prima attivit\u00e0 d\u2019apprendimento il lavoro sul \u201cpavimento\u201d, la <em>Catechizzazione<\/em> <em>della<\/em> <em>Morale<\/em>, l\u2019educazione al discernimento, del bianco dal nero, rappresentato dal pavimento a scacchi. Sappiamo che in natura nulla \u00e8 tutto bianco o tutto nero, in questo senso il simbolo dello Yin e Yang ben raffigura tale dualit\u00e0.<\/p>\n<p>Questa educazione introduce ad un <em>Orientamento<\/em> <em>del<\/em> <em>Sapere<\/em> che di fatto costituisce lo stadio <em>dell\u2019<strong>Ars<\/strong><\/em> <strong><em>Muratoria<\/em><\/strong>. Tale riconoscimento corrisponde alla <em>Massoneria<\/em> <em>Operativa<\/em>, che consente il riconoscimento degli strumenti a disposizione degli \u201coperai\u201d e il loro utilizzo per la realizzazione dell\u2019Opera. La polarizzazione nello stadio successivo, <em>l\u2019<strong>Ars<\/strong><\/em> <strong><em>Regia<\/em><\/strong> avviene quando il fratello apprende l\u2019arte dell\u2019uso dello <em>&#8220;speculum&#8221;<\/em>, l\u2019utilizzo della mente, da cui il termine <em>Massoneria<\/em> <em>Speculativa<\/em>, grazie al quale riconosce quegli strumenti nella <em>propria \u201cborsa degli attrezzi\u201d<\/em>; lavorando al raffinamento della &#8220;<em>propria pietra<\/em>&#8220;, contribuisce all\u2019edificazione del Tempio comune, <em>Applicando quella Conoscenza<\/em>, attraverso l\u2019uso dei rituali, delle tecniche invocative-evocative, delle parole e delle Leggi. L\u2019esperienza lo condurr\u00e0 successivamente alla capacit\u00e0 di costruire ponti, <em>l\u2019<strong>Ars<\/strong><\/em> <strong><em>Pontificia<\/em><\/strong>, ponti con idee, uomini, parti di s\u00e9 (<em>ponte arcobaleno<\/em> o <em>antahkarana<\/em>), riconoscendo che lo Spazio \u00e8 un\u2019entit\u00e0 viva che tutto collega; riconoscer\u00e0 allora la vera Comunione degli Iniziati del pianeta: la Massoneria Universale, che trascende i credo, i dogmi, i linguaggi, le forme, quel piano coscienziale dove il riconoscimento \u00e8 da <em>&#8220;cuore a cuore<\/em>&#8220;.<\/p>\n<p>Segue poi una evocativa rappresentazione pittorica di come nell\u2019antica tradizione greca veniva usato il Tempio di Delfi.* Va qui rilevata l\u2019importanza data alla qualit\u00e0 energetica all\u2019interno di un Tempio \u201coperativo\u201d, sia per la presenza di uomini e donne, che per le polarit\u00e0 energetiche dei singoli officianti e la loro disposizione, affinch\u00e9 il lavoro sul piano sottile possa avere luogo.<\/p>\n<p align=\"center\"><img decoding=\"async\" src=\"data:image\/svg+xml,%3Csvg%20xmlns='http:\/\/www.w3.org\/2000\/svg'%20viewBox='0%200%20955%20592'%3E%3C\/svg%3E\" class=\"zeen-lazy-load-base zeen-lazy-load\" data-lazy-src=\"..\/img_art_1\/Oracolo_di_Delfi_955-592.jpg\" width=\"955\" height=\"592\" border=\"0\" \/><noscript><img decoding=\"async\" src=\"..\/img_art_1\/Oracolo_di_Delfi_955-592.jpg\" width=\"955\" height=\"592\" border=\"0\" \/><\/noscript><\/p>\n<p>__________<\/p>\n<table width=\"100%\">\n<tbody>\n<tr>\n<td width=\"83%\">* <em>L\u2019Oracolo di Delfi<\/em> &#8211; Secondo la tradizione d<span style=\"text-align: justify;\">egli antichi Greci, l&#8217;Oracolo della Saggezza, o Il Dio invisibile, parl\u00f2 all&#8217;uomo inizialmente in una grotta naturale.<br \/>\nC&#8217;\u00e8 una leggenda o una tradizione secondo cui alcuni filosofi in pellegrinaggio si accamparono in un\u2019alcova di roccia di una delle loro adorabili vallate greche, e mentre erano in silenziosa meditazione, ecco una voce di grande saggezza parl\u00f2 loro dalle acque increspate, mormorando lungo il promontorio nella conca naturale. Grazie ai consigli dell&#8217;Oracolo, negli anni successivi, furono costruiti templi e la famosa Voce Delfica l\u00ec venne e dimor\u00f2, divenendo per secoli la Luce della Profezia per il mondo civilizzato.<br \/>\nLa sacra formazione di un circolo delfico cos\u00ec a lungo noto in Grecia, da cui quella nazione fu pi\u00f9 o meno influenzata e governata per pi\u00f9 di mille anni, avvenne sotto la voce e la direzione dell&#8217;Oracolo di Delfi. Il profilo di questo glifo era l&#8217;insegna sacra e identificativa del tempio che portava quel nome, ed era inciso nei pavimenti delle sue sale e dei corridoi sacri.<\/span><\/td>\n<td style=\"text-align: center;\" width=\"17%\"><img decoding=\"async\" src=\"data:image\/svg+xml,%3Csvg%20xmlns='http:\/\/www.w3.org\/2000\/svg'%20viewBox='0%200%20231%20218'%3E%3C\/svg%3E\" class=\"zeen-lazy-load-base zeen-lazy-load\" data-lazy-src=\"..\/img_art_1\/Emblema_delfico_231-218.jpg\" width=\"231\" height=\"218\" align=\"middle\" hspace=\"12\" \/><noscript><img decoding=\"async\" src=\"..\/img_art_1\/Emblema_delfico_231-218.jpg\" width=\"231\" height=\"218\" align=\"middle\" hspace=\"12\" \/><\/noscript><\/td>\n<\/tr>\n<\/tbody>\n<\/table>\n<p>Questa forma di mezzaluna era rivolta ad Est, con i due punti estremi della mezzaluna esattamente a Nord e Sud. La posizione dello Ierofante o Sommo Sacerdote era al n. 1. La medium femminile o Sacerdotessa di Delfi si trovava al n. 2. Fanciulle o bambini venivano posti ai nn. 3 e 4.<br \/>\nNella posizione dell&#8217;arco nord n. 5 era posizionato il medium maschile negativo (nel senso di percettivo), solitamente di carnagione chiara. I numeri 6, 7, 8, 9 erano occupati da maschi, con temperamento magnetico crescente dall&#8217;estremo (polarit\u00e0 negativa) al n. 5 fino alla combinazione passiva (+ -) di vibrazione magnetica ed elettrica (nel senso di irradiante, dinamico) del Sommo Sacerdote o Ierofante al n. 1.<br \/>\nLe posizioni 10, 11, 12, 13, erano occupate crescendo gradualmente da figure maschili irradianti, elettricamente positive fino al n. 14, posizione molto importante occupata dalla pi\u00f9 forte mente silente e polarizzata positivamente che fosse presente.<br \/>\nIl n. 15 \u00e8 un braciere di fuoco e incenso ed il n. 16 un grande vaso di acqua pura. N. 17, il Santo dei Santi, che contiene l&#8217;Arca dell&#8217;Alleanza, o sacro scrigno degli Oracoli, fatto di un particolare tipo di cedro duro, nelle dimensioni che seguono: circa 4 piedi 4 pollici di lunghezza, 2 piedi 8 pollici di larghezza e 2 piedi 8 pollici di altezza; placcato con oro dentro e fuori. Il coperchio dell&#8217;Arca Ebraica era d&#8217;oro massiccio, sul quale, alle estremit\u00e0 una di fronte all&#8217;altra, c\u2019erano le figure di due cherubini. Questo bellissimo manufatto a copertura fu chiamato il <em>propiziatorio<\/em>. Il ricercatore attento non mancher\u00e0 nel constatare quanto l\u2019Arca dell\u2019Alleanza ebraica fosse particolarmente somigliante allo Scrigno di Ra e alla barca Solare o Celeste della tradizione dell\u2019antico Egitto.<br \/>\nConteneva la raccolta delle forze spirituali del Padre Assoluto, invocate dai Sommi Sacerdoti che in particolari occasioni legate al ciclo delle stagioni formavano un\u2019unione con l&#8217;Akasha (essenza sottile, soprasensibile, spirituale che pervade lo spazio) e dava loro comunicazioni e consigli per il governo del popolo. (<em>J.C. Street<\/em>) <img decoding=\"async\" src=\"data:image\/svg+xml,%3Csvg%20xmlns='http:\/\/www.w3.org\/2000\/svg'%20viewBox='0%200%2015%2015'%3E%3C\/svg%3E\" class=\"zeen-lazy-load-base zeen-lazy-load\" data-lazy-src=\"..\/img_art\/fine_testo.gif\" width=\"15\" height=\"15\" \/><noscript><img decoding=\"async\" src=\"..\/img_art\/fine_testo.gif\" width=\"15\" height=\"15\" \/><\/noscript><\/p>\n<p align=\"center\"><a href=\"#su\"><img decoding=\"async\" src=\"data:image\/svg+xml,%3Csvg%20xmlns='http:\/\/www.w3.org\/2000\/svg'%20viewBox='0%200%2044%2070'%3E%3C\/svg%3E\" class=\"zeen-lazy-load-base zeen-lazy-load\" data-lazy-src=\"..\/img_art\/Uovo_min.jpg\" alt=\"torna su\" width=\"44\" height=\"70\" border=\"0\" \/><noscript><img decoding=\"async\" src=\"..\/img_art\/Uovo_min.jpg\" alt=\"torna su\" width=\"44\" height=\"70\" border=\"0\" \/><\/noscript><\/a><\/p>\n<\/div>\n<\/td>\n<\/tr>\n<\/tbody>\n<\/table>\n","protected":false},"excerpt":{"rendered":"<p>Il &#8220;Rotolo&#8221; \u00e8 lo sviluppo di un ragionamento mediato per indicare ai fratelli, un inizio ed una fine, attraverso tutta una serie di passi, rappresentati da una successione di tavole. Presentazione del &#8220;Primo Rotolo&#8221; di Adriano Nardi dedicato al lavoro d&#8217;istruzione di Athos A. Altomonte Andremo ad illustrare perch\u00e9 \u00e8 stato fatto questo lavoro e quale scopo si prefigge colui che lo ha creato. La prima cosa da sottolineare \u00e8 che come per il pavimento del tempio anche per questo [&hellip;]<\/p>\n","protected":false},"author":1,"featured_media":8156,"comment_status":"open","ping_status":"open","sticky":false,"template":"","format":"standard","meta":{"wds_primary_category":0,"footnotes":""},"categories":[42],"tags":[38],"class_list":["post-617","post","type-post","status-publish","format-standard","has-post-thumbnail","hentry","category-massoneria","tag-educazione-esoterica"],"_links":{"self":[{"href":"https:\/\/www.esonet.it\/index.php?rest_route=\/wp\/v2\/posts\/617","targetHints":{"allow":["GET"]}}],"collection":[{"href":"https:\/\/www.esonet.it\/index.php?rest_route=\/wp\/v2\/posts"}],"about":[{"href":"https:\/\/www.esonet.it\/index.php?rest_route=\/wp\/v2\/types\/post"}],"author":[{"embeddable":true,"href":"https:\/\/www.esonet.it\/index.php?rest_route=\/wp\/v2\/users\/1"}],"replies":[{"embeddable":true,"href":"https:\/\/www.esonet.it\/index.php?rest_route=%2Fwp%2Fv2%2Fcomments&post=617"}],"version-history":[{"count":4,"href":"https:\/\/www.esonet.it\/index.php?rest_route=\/wp\/v2\/posts\/617\/revisions"}],"predecessor-version":[{"id":10498,"href":"https:\/\/www.esonet.it\/index.php?rest_route=\/wp\/v2\/posts\/617\/revisions\/10498"}],"wp:featuredmedia":[{"embeddable":true,"href":"https:\/\/www.esonet.it\/index.php?rest_route=\/wp\/v2\/media\/8156"}],"wp:attachment":[{"href":"https:\/\/www.esonet.it\/index.php?rest_route=%2Fwp%2Fv2%2Fmedia&parent=617"}],"wp:term":[{"taxonomy":"category","embeddable":true,"href":"https:\/\/www.esonet.it\/index.php?rest_route=%2Fwp%2Fv2%2Fcategories&post=617"},{"taxonomy":"post_tag","embeddable":true,"href":"https:\/\/www.esonet.it\/index.php?rest_route=%2Fwp%2Fv2%2Ftags&post=617"}],"curies":[{"name":"wp","href":"https:\/\/api.w.org\/{rel}","templated":true}]}}