{"id":661,"date":"2016-11-26T18:06:27","date_gmt":"2016-11-26T17:06:27","guid":{"rendered":"http:\/\/www.esonet.it\/?p=661"},"modified":"2023-10-14T18:16:26","modified_gmt":"2023-10-14T16:16:26","slug":"la-via-eroica","status":"publish","type":"post","link":"https:\/\/www.esonet.it\/?p=661","title":{"rendered":"La Via Eroica"},"content":{"rendered":"<p><a href=\"https:\/\/www.esonet.it\/?cat=43\"><img decoding=\"async\" src=\"data:image\/svg+xml,%3Csvg%20xmlns='http:\/\/www.w3.org\/2000\/svg'%20viewBox='0%200%20370%20247'%3E%3C\/svg%3E\" class=\"zeen-lazy-load-base zeen-lazy-load alignright\" title=\"Domande e Risposte\" data-lazy-src=\"images\/topics\/DomRisp1.jpg\" alt=\"Domande e Risposte\" align=\"right\" border=\"0\" \/><noscript><img decoding=\"async\" class=\"alignright\" title=\"Domande e Risposte\" src=\"images\/topics\/DomRisp1.jpg\" alt=\"Domande e Risposte\" align=\"right\" border=\"0\" \/><\/noscript><\/a>&#8230;\u00e8 un po\u2019 che seguo l\u2019andirivieni di messaggi nei tuoi riguardi ed ho apprezzato la tua posizione nel resistere alle critiche emotive e spesso scomposte &#8230;trovo che la tua spada sia di buona fattura anche se la scherma manca ancora d\u2019efficacia.<\/p>\n<table border=\"0\" width=\"100%\">\n<tbody>\n<tr>\n<td scope=\"col\">\n<div align=\"center\">\n<h3 align=\"left\"><a name=\"su\"><\/a> La Via Eroica<\/h3>\n<p align=\"left\">di Athos A. Altomonte<\/p>\n<p align=\"left\">\n<\/div>\n<\/td>\n<\/tr>\n<tr>\n<td scope=\"row\">\n<div align=\"justify\">\n<p>Cara Amica, \u00e8 un po\u2019 che seguo l\u2019andirivieni di messaggi nei tuoi riguardi ed ho apprezzato la tua posizione nel resistere alle critiche emotive e spesso scomposte. Trovo che, ma \u00e8 solo una mia opinione personale, anche se ancora rozza nei termini, la qualit\u00e0 della tua materia sia buona. Cio\u00e8, parafrasandoti, trovo che la tua spada siadi buona fattura anche se la scherma manca ancora d\u2019efficacia. Ed \u00e8 proprio a proposito della spada che ti scrivo.<\/p>\n<p>Varie discipline (ne esiste una diversa per ogni tipo d\u2019energia, temperamento e carattere) di massima suddividono la naturadell\u2019uomo-donna in 7 vie (vedi Jung ed Assagioli, ma anche la Alice Bailey con il suo trattato dei 7 raggi ed anche, in sottordine, la Bat\u00e0 ecc). Quella a cui dimostri d\u2019appartenere \u00e8 la via eroica (Jung-Assagioli) o via della spada (il Budo giapponese) o del guerriero (A. Bailey).<br \/>\nNaturalmente tutti parlano di <span style=\"font-style: italic;\">spada <\/span>in termini di \u201cAtto di Volont\u00e0\u201d (vedi la Psicosintesi di Assagioli) coraggio e sacrifizio di s\u00e9 in antitesi al malefizio. Siamo, dunque, al confronto diretto e senza intermediari (cosa di solito pi\u00f9 gradita) tra bene e male (come dicitu) o tra il bello e il brutto (come dico io).<br \/>\nQuesta \u00e8 la natura, quindi la via energetica, a cui sono sottoposti coloro che sono \u201cdestinati\u201d a combattere e distruggono le forme (concettuali) oscure, informi o antitetiche del bello e del giusto. Quindi, in fondo, degli operatori di giustizia.<br \/>\nLe stesse discipline concordano ancora nell\u2019indicare che l\u2019energia sucui si muovono gli \u201cesseri\u201d che \u201cobbediscono\u201d a queste caratteristiche energetiche \u00e8 quella della \u00abvolont\u00e0 distruttiva e liberatoria\u00bb alla quale, per\u00f2, debbono affiancare l\u2019afflato \u00abamorevole\u00bb della comprensione e del soccorso.<br \/>\nPrendendo spunto dagli scritti pubblicati sulla morte, possiamoricordare che anche la morte \u00e8 un\u2019opera di \u201cdistruzione e di giustizia\u201d posta in atto dall\u2019ente che determina la forma personale nella sferadella materia. Un atto di volont\u00e0 che da una parte consente di liberare l\u2019energia imprigionata nella forma (imperfetta), riprendendosela; dall\u2019altra di riutilizzarla per \u201cedificarne\u201d una nuova e migliore. La via del guerriero, insomma, \u00e8 lo \u201cstimolo\u201d che determina la spinta adabbattere tutto ci\u00f2 che di sbagliato, dannoso ed ingiusto s\u2019incontra sul proprio cammino. Ma il difetto iniziale \u00e8 la foga che invece deve essere sublimata nella \u00abpaziente attesa\u00bb che, per\u00f2, consente di condurre al momento giusto l\u2019affondo.<\/p>\n<p>Sono d\u2019accordo con te che il \u201cviaggio\u201d astrale sia un percorsopostotutto all\u2019interno della mente, o meglio, nel disordine coscienziale dell\u2019essere. S\u00ec, perch\u00e9 l\u2019astrale \u00e8 la sfera del pensiero emotivo e passionale che gli orientali chiamano Maya, ossia il piano o velo dell\u2019illusione. E solo elevando lo stato di coscienza del proprio io inferiore (la personalit\u00e0 fisica) a percepire l\u2019essenza di s\u00e9, il viaggio interiore porter\u00e0 sui piani sottili della mente (sfera egoica), sino allo spirito (sfera del proprio archetipo o Dio interiore) dove avviene l\u2019ultima illuminazione. L\u2019errore commesso dai principianti, deviati da suggerimenti incongrui, \u00e8 quello di \u201cpartire\u201d o di voler \u201csalire\u201d. In realt\u00e0 non \u00e8 la personalit\u00e0 fisica a dover salire, perch\u00e9 ne sarebbe distrutta (vedi la leggenda di Icaro) tant\u2019\u00e8 che il \u201cmetodo iniziatico\u201d insegna a costruire in s\u00e9 le opportunit\u00e0 perch\u00e9 l\u2019entit\u00e0 spirituale emerga (erroneamente \u00e8 detto che discenda) nella forma di coscienza materiale e ne preda possesso (<span style=\"font-style: italic;\">\u00ab&#8230;prenderai possesso dei tuoi domini terreni e governerai con saggezza il tuo popolo [il popolo dei pensieri]&#8230;\u00bb<\/span>).<\/p>\n<p>Per ottenere il vuoto o spazio interiore, perch\u00e9 \u201cl\u2019anima\u201d si manifesti, occorre far pulizia dell\u2019inutile raggiungendo l\u2019Essenzialit\u00e0 o Sintesi di s\u00e9. Una condizione, questa, che il catechismo devozionale scambi\u00f2 per una condizione di \u201cpovert\u00e0\u201d esteriore.<br \/>\nQuesta essenzialit\u00e0, per\u00f2, non pu\u00f2 sorgere che dall\u2019abbattimento d\u2019ogni forma illusoria e dall\u2019annichilimento (e non distruzione) in s\u00e9 di ogni modello mentale appartenente alla sfera materiale. Sfera materiale chesolo in secondo tempo sar\u00e0 \u201cilluminata\u201d dalla parte di coscienza maggiore che emerger\u00e0 alla sua superficie.<br \/>\nQuesto spazio, o vuoto, pu\u00f2 essere raggiunto in molti modi: tanti quanti sono i \u201ctipi umani\u201d. Certamente quello del \u201cdistruttore\u201d \u00e8 il pi\u00f9 diretto e quindi il pi\u00f9 veloce, ma \u201cnon consente errori\u201d. Mentre, ad esempio, la via (energia) devozionale consente tutti gli errori possibili: ecco perch\u00e9 \u00e8 cos\u00ec sovraffollata.<br \/>\nMa nel fare le proprie scelte (che condurranno ad altrettanti tipi d\u2019esperienze) bisogna ricordare che \u00e8 difficile se non impossibile indicare ad un \u201ctipo\u201d diverso dal proprio le caratteristiche e gli eventuali vantaggi del proprio percorso. Chi appartiene ad un\u2019indole di un certo \u201ctipo\u201d \u00e8 anche mosso dalle caratteristiche di quell\u2019energia.<br \/>\nOgni essere \u00e8 come un pendolo che oscilla, mosso dagli stimoli e dallepulsioni della propria energia naturale, a cui sola si obbedisce e che sola \u00e8 riconosciuta. Per ognuno la propria via \u00e8 l\u2019unica vera e possibile, anche se da altri questa non venga poi riconosciuta. Ma \u00e8 solo liberandosi dalla gabbia formale di questa sudditanza che siotterr\u00e0 la libert\u00e0 di pensiero rappresentata dalle ali poste all\u2019apice del Caduceo ermetico.<br \/>\nVeniva detto che i rosacroce parlassero 100 e pi\u00f9 lingue.<br \/>\nDi fatto si trattava dell\u2019allegoria di quella libert\u00e0 di pensiero e della capacit\u00e0 di capire e porsi nella giusta forma nei confronti delletante forme di sudditanza mentale. La saggezza popolare ricordal\u2019importanza di \u201cparlare da principi con i principi e da contadino coni contadini\u201d.<\/p>\n<p>Cara amica prosegui tranquillamente sulla via di riconoscerete stessa: senza per\u00f2 aspettare o pretendere che altri \u201ctipi\u201d possano o vogliano capirti. Un vecchio adagio insegna che, in caso di guerra, i guerrierisono chiamati in soccorso dei cittadini e a morire per loro ma che poiverranno scacciati, perch\u00e9 la loro forza far\u00e0 sempre paura. Allora, ogni qualvolta dovrai confrontarti con l\u2019illusione, cio\u00e8 Maya, ovvero sempre, fa assumere al \u201ctuo guerriero\u201d un atteggiamento silente. Nell\u2019invisibilit\u00e0 attender\u00e0 il momento pi\u00f9 propizio per scoccare il suodardo, che raggiunger\u00e0 il bersaglio senza interferire con la tranquillit\u00e0 dei \u201cpacifici cittadini\u201d che a combattere non ci pensano davvero.<\/p>\n<p>La tua \u201cguerra al male\u201d, come la chiami tu, non pu\u00f2 essereri conosciuta n\u00e9 devi aspettarti possa essere accettata da \u201ccittadini\u201d che pensano solo a conservare il proprio tranquillo benessere, ognuno nello scompartimento delle proprie sudditanze alle quali sono assoggettati, ma che allo stesso tempo proteggono dall\u2019affrontare ogni forma di malefizio.<\/p>\n<p>Un saluto fraterno <img decoding=\"async\" src=\"data:image\/svg+xml,%3Csvg%20xmlns='http:\/\/www.w3.org\/2000\/svg'%20viewBox='0%200%2015%2015'%3E%3C\/svg%3E\" class=\"zeen-lazy-load-base zeen-lazy-load\" data-lazy-src=\"..\/img_art\/fine_testo.gif\" width=\"15\" height=\"15\" \/><noscript><img decoding=\"async\" src=\"..\/img_art\/fine_testo.gif\" width=\"15\" height=\"15\" \/><\/noscript><\/p>\n<p align=\"center\"><a href=\"#su\"><img decoding=\"async\" src=\"data:image\/svg+xml,%3Csvg%20xmlns='http:\/\/www.w3.org\/2000\/svg'%20viewBox='0%200%2044%2070'%3E%3C\/svg%3E\" class=\"zeen-lazy-load-base zeen-lazy-load\" data-lazy-src=\"..\/img_art\/Uovo_min.jpg\" alt=\"torna su\" width=\"44\" height=\"70\" border=\"0\" \/><noscript><img decoding=\"async\" src=\"..\/img_art\/Uovo_min.jpg\" alt=\"torna su\" width=\"44\" height=\"70\" border=\"0\" \/><\/noscript><\/a><\/p>\n<\/div>\n<\/td>\n<\/tr>\n<\/tbody>\n<\/table>\n","protected":false},"excerpt":{"rendered":"<p>&#8230;\u00e8 un po\u2019 che seguo l\u2019andirivieni di messaggi nei tuoi riguardi ed ho apprezzato la tua posizione nel resistere alle critiche emotive e spesso scomposte &#8230;trovo che la tua spada sia di buona fattura anche se la scherma manca ancora d\u2019efficacia. La Via Eroica di Athos A. Altomonte Cara Amica, \u00e8 un po\u2019 che seguo l\u2019andirivieni di messaggi nei tuoi riguardi ed ho apprezzato la tua posizione nel resistere alle critiche emotive e spesso scomposte. Trovo che, ma \u00e8 solo [&hellip;]<\/p>\n","protected":false},"author":1,"featured_media":8047,"comment_status":"open","ping_status":"open","sticky":false,"template":"","format":"standard","meta":{"wds_primary_category":0,"footnotes":""},"categories":[43],"tags":[38],"class_list":["post-661","post","type-post","status-publish","format-standard","has-post-thumbnail","hentry","category-domande-e-risposte","tag-educazione-esoterica"],"_links":{"self":[{"href":"https:\/\/www.esonet.it\/index.php?rest_route=\/wp\/v2\/posts\/661","targetHints":{"allow":["GET"]}}],"collection":[{"href":"https:\/\/www.esonet.it\/index.php?rest_route=\/wp\/v2\/posts"}],"about":[{"href":"https:\/\/www.esonet.it\/index.php?rest_route=\/wp\/v2\/types\/post"}],"author":[{"embeddable":true,"href":"https:\/\/www.esonet.it\/index.php?rest_route=\/wp\/v2\/users\/1"}],"replies":[{"embeddable":true,"href":"https:\/\/www.esonet.it\/index.php?rest_route=%2Fwp%2Fv2%2Fcomments&post=661"}],"version-history":[{"count":7,"href":"https:\/\/www.esonet.it\/index.php?rest_route=\/wp\/v2\/posts\/661\/revisions"}],"predecessor-version":[{"id":10049,"href":"https:\/\/www.esonet.it\/index.php?rest_route=\/wp\/v2\/posts\/661\/revisions\/10049"}],"wp:featuredmedia":[{"embeddable":true,"href":"https:\/\/www.esonet.it\/index.php?rest_route=\/wp\/v2\/media\/8047"}],"wp:attachment":[{"href":"https:\/\/www.esonet.it\/index.php?rest_route=%2Fwp%2Fv2%2Fmedia&parent=661"}],"wp:term":[{"taxonomy":"category","embeddable":true,"href":"https:\/\/www.esonet.it\/index.php?rest_route=%2Fwp%2Fv2%2Fcategories&post=661"},{"taxonomy":"post_tag","embeddable":true,"href":"https:\/\/www.esonet.it\/index.php?rest_route=%2Fwp%2Fv2%2Ftags&post=661"}],"curies":[{"name":"wp","href":"https:\/\/api.w.org\/{rel}","templated":true}]}}