{"id":699,"date":"2014-08-17T17:53:29","date_gmt":"2014-08-17T15:53:29","guid":{"rendered":"http:\/\/www.esonet.it\/?p=699"},"modified":"2023-11-10T14:53:04","modified_gmt":"2023-11-10T13:53:04","slug":"hermann-hesse-fra-armonica-e-teosofia-5","status":"publish","type":"post","link":"https:\/\/www.esonet.it\/?p=699","title":{"rendered":"Hermann Hesse fra Armonica e Teosofia \/5"},"content":{"rendered":"<p><a href=\"https:\/\/www.esonet.it\/?cat=66\"><img decoding=\"async\" src=\"data:image\/svg+xml,%3Csvg%20xmlns='http:\/\/www.w3.org\/2000\/svg'%20viewBox='0%200%20370%20247'%3E%3C\/svg%3E\" class=\"zeen-lazy-load-base zeen-lazy-load alignright\" title=\"Scienza del Suono\" data-lazy-src=\"images\/topics\/Psicoacustica.jpg\" alt=\"Scienza del Suono\" align=\"right\" border=\"0\" \/><noscript><img decoding=\"async\" class=\"alignright\" title=\"Scienza del Suono\" src=\"images\/topics\/Psicoacustica.jpg\" alt=\"Scienza del Suono\" align=\"right\" border=\"0\" \/><\/noscript><\/a><em>Quinta parte, dedicata alla Teosofia, contenente i capitoli 3, 4 e 5 (fino al paragrafo II)<\/em><\/p>\n<p>Per noi \u00e8 importante rilevare che Hesse ebbe rapporti prolungati con la comunit\u00e0 di Ascona, in quanto \u00e8 in questo centro magnetico che \u00e8 passata buona parte della elite culturale del primo Novecento, ed \u00e8 a Monte Verit\u00e0, che si registra come presenza precedente qualunque altro insediamento, l&#8217;intenzione di fondarvi nel 1899 una societ\u00e0 che avrebbe dovuto avere il nome di Fraternitas e che era di dichiarato stampo teosofico.<\/p>\n<table border=\"0\" width=\"100%\">\n<tbody>\n<tr>\n<td scope=\"col\">\n<div align=\"center\">\n<h3 align=\"left\"><a name=\"su\"><\/a>Hermann Hesse fra Armonica e Teosofia \/5<\/h3>\n<p align=\"left\">di Maria Franca Frola<br \/>\na cura della Redazione Esonet.it<\/p>\n<\/div>\n<\/td>\n<\/tr>\n<tr>\n<td scope=\"row\">\n<div align=\"justify\">\n<h4>Presentazione<\/h4>\n<p>In occasione del cinquantesimo anniversario della morte di Hans Kayser, avvenuta il 15 aprile 1964, la Redazione di Esonet.it \u00e8 lieta di annunciare la pubblicazione (per la prima volta in internet) con il consenso dell&#8217;Autrice e dell&#8217;Editrice, del testo di Maria Franca Frola &#8220;<strong>Hermann Hesse fra Armonica e Teosofia<\/strong>&#8220;, pubblicato nel 1990 dalla Editrice Tipografica Moderna di Nizza Monferrato.<\/p>\n<p>Di seguito la quinta parte, dedicata alla Teosofia, contenente i <strong>capitoli 3, 4 e 5 <\/strong>(fino al paragrafo II).<\/p>\n<p>Di Kayser\u00a0 e sempre a cura dell&#8217;Autrice sono stati pubblicati in questo sito il <a href=\"News-file-categories-op-newindex-catid-69.html\"><strong>Manuale di Armonica<\/strong><\/a> in cinque Quaderni.<\/p>\n<p align=\"center\">* * *<\/p>\n<table border=\"0\" width=\"100%\">\n<tbody>\n<tr>\n<td scope=\"col\" width=\"46%\">\n<div align=\"center\"><a href=\"https:\/\/www.esonet.it\/download\/Hesse_A&amp;T\/H_Hesse_fra_Armonica_e_Teosofia_5.pdf\" target=\"_blank\" rel=\"noopener\"><img decoding=\"async\" src=\"data:image\/svg+xml,%3Csvg%20xmlns='http:\/\/www.w3.org\/2000\/svg'%20viewBox='0%200%20462%20328'%3E%3C\/svg%3E\" class=\"zeen-lazy-load-base zeen-lazy-load\" data-lazy-src=\"img_art_1\/Hesse_armonica_e_teosofia5.jpg\" alt=\"scarica il documento in formato pdf\" width=\"462\" height=\"328\" border=\"0\" \/><noscript><img decoding=\"async\" src=\"img_art_1\/Hesse_armonica_e_teosofia5.jpg\" alt=\"scarica il documento in formato pdf\" width=\"462\" height=\"328\" border=\"0\" \/><\/noscript><\/a><\/div>\n<\/td>\n<td scope=\"col\" valign=\"bottom\" width=\"54%\">\n<div align=\"justify\">\n<p align=\"left\">Per scaricare il documento, in formato pdf (5.8 Mb), cliccare sul link sotto riportato o sulla figura qui a sinistra.<\/p>\n<p align=\"left\"><a href=\"https:\/\/www.esonet.it\/download\/Hesse_A&amp;T\/H_Hesse_fra_Armonica_e_Teosofia_5.pdf\" target=\"_blank\" rel=\"noopener\">H. Hesse fra Armonica e Teosofia &#8211; 5 p.pdf <\/a><img decoding=\"async\" src=\"data:image\/svg+xml,%3Csvg%20xmlns='http:\/\/www.w3.org\/2000\/svg'%20viewBox='0%200%2018%2017'%3E%3C\/svg%3E\" class=\"zeen-lazy-load-base zeen-lazy-load\" data-lazy-src=\"img_art\/pdf.jpg\" width=\"18\" height=\"17\" \/><noscript><img decoding=\"async\" src=\"img_art\/pdf.jpg\" width=\"18\" height=\"17\" \/><\/noscript><\/p>\n<p>Cliccando sul link sopra riportato \u00e8 possibile aprire o salvare il documento sul proprio dispositivo.<\/p>\n<p>Per segnalare difficolt\u00e0 o per qualsiasi problema incontrato nel download del file, scrivete a info@esonet.it<\/p>\n<p><strong>\u00a9 2014 Progetto Esonet \u2013 www.esonet.it \u2013 tutti i diritti riservati.<\/strong><\/p>\n<\/div>\n<\/td>\n<\/tr>\n<\/tbody>\n<\/table>\n<p><em>Note &#8211; Informazioni su PDF e Acrobat Reader<\/em><\/p>\n<p>PDF \u00e8 l&#8217;abbreviazione di \u201cPortable Document Format\u201d. \u00c8 un formato file che permette di vedere e stampare un documento esattamente come l&#8217;ha disegnato l&#8217;autore, su computer diversi e con diversi sistemi operativi.<\/p>\n<p>Ci\u00f2 di cui c&#8217;\u00e8 bisogno \u00e8 il programma Acrobat Reader.<\/p>\n<p>Si consiglia la versione di Acrobat Reader 5.0 o superiore. Acrobat funziona su tutti i tipi di computer.<\/p>\n<table border=\"0\" width=\"100%\">\n<tbody>\n<tr>\n<td scope=\"col\" width=\"83%\">\n<p align=\"justify\"><em>Scaricare ed installare Acrobat Reader <\/em><\/p>\n<p>Se non sei in possesso di Acrobat Reader, lo puoi scaricare gratuitamente facendo clic sull&#8217;immagine riportata qui accanto. Questa operazione ti collega direttamente alla pagina del sito web Adobe, dove \u00e8 possibile, seguendo le istruzioni, scaricare ed installare la versione gratuita di Acrobat Reader. <img decoding=\"async\" src=\"data:image\/svg+xml,%3Csvg%20xmlns='http:\/\/www.w3.org\/2000\/svg'%20viewBox='0%200%2015%2015'%3E%3C\/svg%3E\" class=\"zeen-lazy-load-base zeen-lazy-load\" data-lazy-src=\"img_art\/fine_testo.gif\" width=\"15\" height=\"15\" \/><noscript><img decoding=\"async\" src=\"img_art\/fine_testo.gif\" width=\"15\" height=\"15\" \/><\/noscript><\/td>\n<td scope=\"col\" width=\"17%\">\n<p align=\"center\"><a href=\"http:\/\/www.adobe.it\/products\/acrobat\/readermain.html\" target=\"_blank\" rel=\"noopener\"><img decoding=\"async\" src=\"data:image\/svg+xml,%3Csvg%20xmlns='http:\/\/www.w3.org\/2000\/svg'%20viewBox='0%200%2088%2030'%3E%3C\/svg%3E\" class=\"zeen-lazy-load-base zeen-lazy-load\" data-lazy-src=\"img_art\/acrobat.jpg\" alt=\"www.adobe.it\" width=\"88\" height=\"30\" border=\"0\" \/><noscript><img decoding=\"async\" src=\"img_art\/acrobat.jpg\" alt=\"www.adobe.it\" width=\"88\" height=\"30\" border=\"0\" \/><\/noscript><\/a><\/p>\n<\/td>\n<\/tr>\n<\/tbody>\n<\/table>\n<p align=\"center\"><a href=\"#su\"><img decoding=\"async\" src=\"data:image\/svg+xml,%3Csvg%20xmlns='http:\/\/www.w3.org\/2000\/svg'%20viewBox='0%200%2044%2070'%3E%3C\/svg%3E\" class=\"zeen-lazy-load-base zeen-lazy-load\" data-lazy-src=\"img_art\/Uovo_min.jpg\" alt=\"torna su\" width=\"44\" height=\"70\" border=\"0\" \/><noscript><img decoding=\"async\" src=\"img_art\/Uovo_min.jpg\" alt=\"torna su\" width=\"44\" height=\"70\" border=\"0\" \/><\/noscript><\/a><\/p>\n<\/div>\n<\/td>\n<\/tr>\n<\/tbody>\n<\/table>\n","protected":false},"excerpt":{"rendered":"<p>Quinta parte, dedicata alla Teosofia, contenente i capitoli 3, 4 e 5 (fino al paragrafo II) Per noi \u00e8 importante rilevare che Hesse ebbe rapporti prolungati con la comunit\u00e0 di Ascona, in quanto \u00e8 in questo centro magnetico che \u00e8 passata buona parte della elite culturale del primo Novecento, ed \u00e8 a Monte Verit\u00e0, che si registra come presenza precedente qualunque altro insediamento, l&#8217;intenzione di fondarvi nel 1899 una societ\u00e0 che avrebbe dovuto avere il nome di Fraternitas e che [&hellip;]<\/p>\n","protected":false},"author":1,"featured_media":7597,"comment_status":"open","ping_status":"open","sticky":false,"template":"","format":"standard","meta":{"wds_primary_category":0,"footnotes":""},"categories":[66],"tags":[67],"class_list":["post-699","post","type-post","status-publish","format-standard","has-post-thumbnail","hentry","category-scienza-del-suono","tag-scienzadellarmonica"],"_links":{"self":[{"href":"https:\/\/www.esonet.it\/index.php?rest_route=\/wp\/v2\/posts\/699","targetHints":{"allow":["GET"]}}],"collection":[{"href":"https:\/\/www.esonet.it\/index.php?rest_route=\/wp\/v2\/posts"}],"about":[{"href":"https:\/\/www.esonet.it\/index.php?rest_route=\/wp\/v2\/types\/post"}],"author":[{"embeddable":true,"href":"https:\/\/www.esonet.it\/index.php?rest_route=\/wp\/v2\/users\/1"}],"replies":[{"embeddable":true,"href":"https:\/\/www.esonet.it\/index.php?rest_route=%2Fwp%2Fv2%2Fcomments&post=699"}],"version-history":[{"count":3,"href":"https:\/\/www.esonet.it\/index.php?rest_route=\/wp\/v2\/posts\/699\/revisions"}],"predecessor-version":[{"id":11002,"href":"https:\/\/www.esonet.it\/index.php?rest_route=\/wp\/v2\/posts\/699\/revisions\/11002"}],"wp:featuredmedia":[{"embeddable":true,"href":"https:\/\/www.esonet.it\/index.php?rest_route=\/wp\/v2\/media\/7597"}],"wp:attachment":[{"href":"https:\/\/www.esonet.it\/index.php?rest_route=%2Fwp%2Fv2%2Fmedia&parent=699"}],"wp:term":[{"taxonomy":"category","embeddable":true,"href":"https:\/\/www.esonet.it\/index.php?rest_route=%2Fwp%2Fv2%2Fcategories&post=699"},{"taxonomy":"post_tag","embeddable":true,"href":"https:\/\/www.esonet.it\/index.php?rest_route=%2Fwp%2Fv2%2Ftags&post=699"}],"curies":[{"name":"wp","href":"https:\/\/api.w.org\/{rel}","templated":true}]}}