{"id":771,"date":"2012-09-10T17:13:31","date_gmt":"2012-09-10T15:13:31","guid":{"rendered":"http:\/\/www.esonet.it\/?p=771"},"modified":"2023-10-14T18:26:02","modified_gmt":"2023-10-14T16:26:02","slug":"la-mente-fisica-e-come-un-cane-per-ciechi","status":"publish","type":"post","link":"https:\/\/www.esonet.it\/?p=771","title":{"rendered":"La mente fisica \u00e8 come un cane per ciechi"},"content":{"rendered":"<p><a href=\"https:\/\/www.esonet.it\/?cat=43\"><img decoding=\"async\" src=\"data:image\/svg+xml,%3Csvg%20xmlns='http:\/\/www.w3.org\/2000\/svg'%20viewBox='0%200%20370%20247'%3E%3C\/svg%3E\" class=\"zeen-lazy-load-base zeen-lazy-load alignright\" title=\"Domande e Risposte\" data-lazy-src=\"images\/topics\/DomRisp1.jpg\" alt=\"Domande e Risposte\" align=\"right\" border=\"0\" \/><noscript><img decoding=\"async\" class=\"alignright\" title=\"Domande e Risposte\" src=\"images\/topics\/DomRisp1.jpg\" alt=\"Domande e Risposte\" align=\"right\" border=\"0\" \/><\/noscript><\/a>Tanti aspetti ed elementi iniziano a coordinarsi fra loro, ma ancora \u00e8 difficile sintetizzarli&#8230;<\/p>\n<table border=\"0\" width=\"100%\">\n<tbody>\n<tr>\n<td scope=\"col\">\n<div align=\"center\">\n<h3 align=\"left\"><a name=\"su\"><\/a>La mente fisica \u00e8 come un cane per ciechi<\/h3>\n<p align=\"left\">di Athos A. Altomonte<\/p>\n<\/div>\n<\/td>\n<\/tr>\n<tr>\n<td scope=\"row\">\n<div align=\"justify\">\n<p><strong>D<\/strong>: <em>Tanti aspetti ed elementi iniziano a coordinarsi fra loro, ma ancora \u00e8 difficile sintetizzarli&#8230;<\/em><\/p>\n<p><strong>R<\/strong>: Caro Amico, non sono gli elementi esteriori a coordinarsi ma \u00e8 la tua mente che, sollecitata dalla necessit\u00e0-curiosit\u00e0, cerca di organizzarsi per darti le risposte che Tu vuoi avere.<\/p>\n<p>\u00c8 sempre con questo esercizio di &#8220;volont\u00e0-necessit\u00e0&#8221; che la tua mente &#8220;finir\u00e0&#8221; per abituarsi a sintetizzare <strong><em>ci\u00f2 che guarda ma che ancora non \u00e8 interessata a vedere<\/em><\/strong>.<\/p>\n<p>La mente fisica \u00e8 come un cane per ciechi, e per affinarne le capacit\u00e0, che poi utilizzerai per &#8220;muoverti&#8221; nel mondo delle idee, devi imparare ad addestrarla con intelligenza. E questo processo mentale, ad esempio, \u00e8 la caratteristica di una specifica Scuola iniziatica.<\/p>\n<p>Viene insegnato che \u00abun uomo ben educato dispone di una ricca immaginazione. Per lui il regno dell\u2019impossibile si restringe e il possibile si moltiplica. Chi n\u2019\u00e8 dotato non \u00e8 un sognatore. La mente illuminata non sogna: prevede. Bisogna comprendere l\u2019importanza dell\u2019immaginazione, specie in quest\u2019epoca di rinnovamento generale, che riconsidera i valori. Si tratta di riesaminare l\u2019intendimento convenzionale di tutti i concetti, a scanso di vagare per sempre in un mondo di fantasmi.\u00bb<\/p>\n<p>Fraternamente <img decoding=\"async\" src=\"data:image\/svg+xml,%3Csvg%20xmlns='http:\/\/www.w3.org\/2000\/svg'%20viewBox='0%200%2015%2015'%3E%3C\/svg%3E\" class=\"zeen-lazy-load-base zeen-lazy-load\" data-lazy-src=\"..\/img_art\/fine_testo.gif\" width=\"15\" height=\"15\" \/><noscript><img decoding=\"async\" src=\"..\/img_art\/fine_testo.gif\" width=\"15\" height=\"15\" \/><\/noscript><\/p>\n<p align=\"center\"><a href=\"#su\"><img decoding=\"async\" src=\"data:image\/svg+xml,%3Csvg%20xmlns='http:\/\/www.w3.org\/2000\/svg'%20viewBox='0%200%2044%2070'%3E%3C\/svg%3E\" class=\"zeen-lazy-load-base zeen-lazy-load\" data-lazy-src=\"..\/img_art\/Uovo_min.jpg\" alt=\"torna su\" width=\"44\" height=\"70\" border=\"0\" \/><noscript><img decoding=\"async\" src=\"..\/img_art\/Uovo_min.jpg\" alt=\"torna su\" width=\"44\" height=\"70\" border=\"0\" \/><\/noscript><\/a><\/p>\n<\/div>\n<\/td>\n<\/tr>\n<\/tbody>\n<\/table>\n","protected":false},"excerpt":{"rendered":"<p>Tanti aspetti ed elementi iniziano a coordinarsi fra loro, ma ancora \u00e8 difficile sintetizzarli&#8230; La mente fisica \u00e8 come un cane per ciechi di Athos A. Altomonte D: Tanti aspetti ed elementi iniziano a coordinarsi fra loro, ma ancora \u00e8 difficile sintetizzarli&#8230; R: Caro Amico, non sono gli elementi esteriori a coordinarsi ma \u00e8 la tua mente che, sollecitata dalla necessit\u00e0-curiosit\u00e0, cerca di organizzarsi per darti le risposte che Tu vuoi avere. \u00c8 sempre con questo esercizio di &#8220;volont\u00e0-necessit\u00e0&#8221; che [&hellip;]<\/p>\n","protected":false},"author":1,"featured_media":7781,"comment_status":"open","ping_status":"open","sticky":false,"template":"","format":"standard","meta":{"wds_primary_category":0,"footnotes":""},"categories":[43],"tags":[36],"class_list":["post-771","post","type-post","status-publish","format-standard","has-post-thumbnail","hentry","category-domande-e-risposte","tag-sviluppocoscienziale"],"_links":{"self":[{"href":"https:\/\/www.esonet.it\/index.php?rest_route=\/wp\/v2\/posts\/771","targetHints":{"allow":["GET"]}}],"collection":[{"href":"https:\/\/www.esonet.it\/index.php?rest_route=\/wp\/v2\/posts"}],"about":[{"href":"https:\/\/www.esonet.it\/index.php?rest_route=\/wp\/v2\/types\/post"}],"author":[{"embeddable":true,"href":"https:\/\/www.esonet.it\/index.php?rest_route=\/wp\/v2\/users\/1"}],"replies":[{"embeddable":true,"href":"https:\/\/www.esonet.it\/index.php?rest_route=%2Fwp%2Fv2%2Fcomments&post=771"}],"version-history":[{"count":2,"href":"https:\/\/www.esonet.it\/index.php?rest_route=\/wp\/v2\/posts\/771\/revisions"}],"predecessor-version":[{"id":10072,"href":"https:\/\/www.esonet.it\/index.php?rest_route=\/wp\/v2\/posts\/771\/revisions\/10072"}],"wp:featuredmedia":[{"embeddable":true,"href":"https:\/\/www.esonet.it\/index.php?rest_route=\/wp\/v2\/media\/7781"}],"wp:attachment":[{"href":"https:\/\/www.esonet.it\/index.php?rest_route=%2Fwp%2Fv2%2Fmedia&parent=771"}],"wp:term":[{"taxonomy":"category","embeddable":true,"href":"https:\/\/www.esonet.it\/index.php?rest_route=%2Fwp%2Fv2%2Fcategories&post=771"},{"taxonomy":"post_tag","embeddable":true,"href":"https:\/\/www.esonet.it\/index.php?rest_route=%2Fwp%2Fv2%2Ftags&post=771"}],"curies":[{"name":"wp","href":"https:\/\/api.w.org\/{rel}","templated":true}]}}